{"id":10053,"date":"2022-03-02T09:02:54","date_gmt":"2022-03-02T08:02:54","guid":{"rendered":"https:\/\/v31.es\/booksonline\/?p=10053"},"modified":"2025-05-08T11:50:57","modified_gmt":"2025-05-08T09:50:57","slug":"queridos-ninos-2","status":"publish","type":"post","link":"https:\/\/v31.es\/booksonline\/2022\/03\/02\/queridos-ninos-2\/","title":{"rendered":"Queridos Ni\u00f1os"},"content":{"rendered":"<p>[et_pb_section fb_built=\u00bb1&#8243; _builder_version=\u00bb4.16&#8243; _module_preset=\u00bbdefault\u00bb min_height=\u00bb1047.6px\u00bb custom_padding=\u00bb34px|||||\u00bb global_colors_info=\u00bb{}\u00bb][et_pb_row column_structure=\u00bb1_2,1_2&#8243; _builder_version=\u00bb4.16&#8243; _module_preset=\u00bbdefault\u00bb width=\u00bb100%\u00bb max_width=\u00bb959px\u00bb height=\u00bb1000px\u00bb max_height=\u00bb1000px\u00bb global_colors_info=\u00bb{}\u00bb][et_pb_column type=\u00bb1_2&#8243; _builder_version=\u00bb4.16&#8243; _module_preset=\u00bbdefault\u00bb global_colors_info=\u00bb{}\u00bb][et_pb_image src=\u00bbhttps:\/\/v31.es\/booksonline\/wp-content\/uploads\/2025\/05\/y_el_Bajo_Cinca_SE_MANIFESTO.jpg\u00bb alt=\u00bby el Bajo Cinca \u00a1\u00a1SE MANIFESTO!!\u00bb title_text=\u00bby_el_Bajo_Cinca_SE_MANIFESTO\u00bb _builder_version=\u00bb4.27.4&#8243; _module_preset=\u00bbdefault\u00bb custom_padding=\u00bb|0px|0px|||\u00bb global_colors_info=\u00bb{}\u00bb][\/et_pb_image][et_pb_text _builder_version=\u00bb4.16&#8243; _module_preset=\u00bbdefault\u00bb text_line_height=\u00bb1em\u00bb min_height=\u00bb235.3px\u00bb custom_margin=\u00bb|-1px|-184px|58px||\u00bb custom_padding=\u00bb|60px|0px|||\u00bb global_colors_info=\u00bb{}\u00bb]<\/p>\n<table class=\"woocommerce-product-attributes shop_attributes\">\n<tbody>\n<tr class=\"woocommerce-product-attributes-item woocommerce-product-attributes-item--attribute_autor\">\n<th class=\"woocommerce-product-attributes-item__label\">AUTOR:<\/th>\n<td class=\"woocommerce-product-attributes-item__value\">\n<p>M\u00aa Jos\u00e9 Arellano<\/p>\n<\/td>\n<\/tr>\n<tr class=\"woocommerce-product-attributes-item woocommerce-product-attributes-item--attribute_isbn\">\n<th class=\"woocommerce-product-attributes-item__label\">ISBN:<\/th>\n<td class=\"woocommerce-product-attributes-item__value\">\n<p>978-84-128667-1-1<\/p>\n<\/td>\n<\/tr>\n<tr class=\"woocommerce-product-attributes-item woocommerce-product-attributes-item--attribute_p%c3%a1ginas\">\n<th class=\"woocommerce-product-attributes-item__label\">P\u00c1GINAS:<\/th>\n<td class=\"woocommerce-product-attributes-item__value\">\n<p>310<\/p>\n<\/td>\n<\/tr>\n<tr class=\"woocommerce-product-attributes-item woocommerce-product-attributes-item--attribute_idioma\">\n<th class=\"woocommerce-product-attributes-item__label\">IDIOMA:<\/th>\n<td class=\"woocommerce-product-attributes-item__value\">\n<p>Castellano<\/p>\n<\/td>\n<\/tr>\n<\/tbody>\n<\/table>\n<table class=\"woocommerce-product-attributes shop_attributes\" width=\"317\" height=\"214\"><\/table>\n<p><a href=\"https:\/\/www.booksonline.es\/es\/coleccion\/novela\" title=\"Art\u00edculos de la colecci\u00f3n\"><\/a><\/p>\n<p>[\/et_pb_text][et_pb_button button_url=\u00bbhttps:\/\/www.booksonline.es\/es\/busqueda\/listaLibros.php?tipoBus=full&#038;palabrasBusqueda=trueba&#038;boton=Buscar\u00bb url_new_window=\u00bbon\u00bb button_text=\u00bbA\u00d1ADIR AL CARRITO\u00bb button_alignment=\u00bbleft\u00bb _builder_version=\u00bb4.16&#8243; _module_preset=\u00bbdefault\u00bb custom_button=\u00bbon\u00bb button_text_size=\u00bb17px\u00bb button_text_color=\u00bb#FFFFFF\u00bb button_bg_color=\u00bb#7CDA24&#8243; button_border_width=\u00bb0px\u00bb button_letter_spacing=\u00bb1px\u00bb button_font=\u00bb|700||on|||||\u00bb button_use_icon=\u00bboff\u00bb background_layout=\u00bbdark\u00bb custom_margin=\u00bb|||57px||\u00bb box_shadow_style=\u00bbpreset6&#8243; global_colors_info=\u00bb{}\u00bb][\/et_pb_button][et_pb_social_media_follow _builder_version=\u00bb4.16&#8243; _module_preset=\u00bbdefault\u00bb custom_margin=\u00bb19px|||||\u00bb custom_padding=\u00bb|||56px||\u00bb global_colors_info=\u00bb{}\u00bb][et_pb_social_media_follow_network social_network=\u00bbfacebook\u00bb url=\u00bbhttps:\/\/www.facebook.com\/booksonline.es\/\u00bb _builder_version=\u00bb4.16&#8243; _module_preset=\u00bbdefault\u00bb background_color=\u00bb#3b5998&#8243; global_colors_info=\u00bb{}\u00bb follow_button=\u00bboff\u00bb url_new_window=\u00bbon\u00bb]facebook[\/et_pb_social_media_follow_network][et_pb_social_media_follow_network social_network=\u00bbinstagram\u00bb url=\u00bbhttps:\/\/www.instagram.com\/booksonline.es\/\u00bb _builder_version=\u00bb4.16&#8243; _module_preset=\u00bbdefault\u00bb background_color=\u00bb#ea2c59&#8243; global_colors_info=\u00bb{}\u00bb follow_button=\u00bboff\u00bb url_new_window=\u00bbon\u00bb]instagram[\/et_pb_social_media_follow_network][\/et_pb_social_media_follow][\/et_pb_column][et_pb_column type=\u00bb1_2&#8243; _builder_version=\u00bb4.16&#8243; _module_preset=\u00bbdefault\u00bb global_colors_info=\u00bb{}\u00bb][et_pb_text _builder_version=\u00bb4.16&#8243; _module_preset=\u00bbdefault\u00bb width=\u00bb91.7%\u00bb custom_margin=\u00bb23px|||||\u00bb custom_padding=\u00bb|||38px||\u00bb global_colors_info=\u00bb{}\u00bb]<\/p>\n<div id=\"detpestanias\">\n<div id=\"tabsinopsis\">\n<p>Medio siglo atr\u00e1s Espa\u00f1a no era el pa\u00eds que conocemos. Se viv\u00edan los \u00faltimos meses del f\u00e9rreo franquismo, tiempo en el que ni se hablaba de pol\u00edtica ni mucho menos se hac\u00eda.<\/p>\n<p>Pese a ello, casi de repente, en un d\u00eda de Mayo nada menos que quince pueblos de la comarca aragonesa del Bajo Cinca, se pusieron en marcha para protestar en Huesca contra una central nuclear.<\/p>\n<p>Sorprendi\u00f3 a la capital la llegada de tantos hombres y mujeres protagonizando la primera manifestaci\u00f3n popular vivida en Arag\u00f3n.<\/p>\n<p>Aquella gesta merec\u00eda un libro y lo tiene cuando se cumple el cincuentenario de su celebraci\u00f3n.<\/p>\n<p>Su autora, Mar\u00eda Jos\u00e9 Arellano S\u00e1nchez, relata en primera persona como se produjo el milagro de ponerse en pie la gente de Fraga y de sus pueblos comarcanos: Ballobar, Zaid\u00edn, Velilla de Cinca, Albalate, Alcolea, Onti\u00f1ena, Belver, Osso, Pe\u00f1alba, Candasnos, Torrente, Binaced, Espl\u00fas y el mismo Chalamera.<\/p>\n<p>El hecho sacudi\u00f3 el sentir de la ciudadan\u00eda aragonesa, que elogi\u00f3 tan singular comportamiento y que a d\u00eda de hoy es un apagado eco de algo sucedido muy lejanamente atr\u00e1s.<\/p>\n<p>La historia se escribe para que perdure y sea recordada. Es lo que pretende la autora invitando a las j\u00f3venes generaciones a conocer como fue la lucha de sus antecesores en un momento nada f\u00e1cil pero que solventaron con gran entusiasmo y dignidad.<\/p>\n<\/div>\n<\/div>\n<p>[\/et_pb_text][\/et_pb_column][\/et_pb_row][\/et_pb_section][et_pb_section fb_built=\u00bb1&#8243; fullwidth=\u00bbon\u00bb _builder_version=\u00bb4.27.4&#8243; _module_preset=\u00bbdefault\u00bb global_colors_info=\u00bb{}\u00bb][et_pb_fullwidth_image src=\u00bbhttps:\/\/v31.es\/booksonline\/wp-content\/uploads\/2025\/05\/El-Bajo-cinca-se-Manifesto-PORTADA8-scaled.jpg\u00bb alt=\u00bb&#8230;y el Bajo Cinca \u00a1\u00a1SE MANIFEST\u00d3!!  &#8211; slaider\u00bb title_text=\u00bbEl Bajo cinca se Manifesto PORTADA8&#8243; _builder_version=\u00bb4.27.4&#8243; _module_preset=\u00bbdefault\u00bb global_colors_info=\u00bb{}\u00bb][\/et_pb_fullwidth_image][\/et_pb_section]<\/p>\n","protected":false},"excerpt":{"rendered":"<p>AUTOR: M\u00aa Jos\u00e9 Arellano ISBN: 978-84-128667-1-1 P\u00c1GINAS: 310 IDIOMA: Castellano Medio siglo atr\u00e1s Espa\u00f1a no era el pa\u00eds que conocemos. Se viv\u00edan los \u00faltimos meses del f\u00e9rreo franquismo, tiempo en el que ni se hablaba de pol\u00edtica ni mucho menos se hac\u00eda. Pese a ello, casi de repente, en un d\u00eda de Mayo nada menos [&hellip;]<\/p>\n","protected":false},"author":1,"featured_media":10054,"comment_status":"open","ping_status":"open","sticky":false,"template":"","format":"standard","meta":{"_et_pb_use_builder":"on","_et_pb_old_content":"","_et_gb_content_width":"","footnotes":""},"categories":[285],"tags":[],"class_list":["post-10053","post","type-post","status-publish","format-standard","has-post-thumbnail","hentry","category-blog","et-has-post-format-content","et_post_format-et-post-format-standard"],"_links":{"self":[{"href":"https:\/\/v31.es\/booksonline\/wp-json\/wp\/v2\/posts\/10053","targetHints":{"allow":["GET"]}}],"collection":[{"href":"https:\/\/v31.es\/booksonline\/wp-json\/wp\/v2\/posts"}],"about":[{"href":"https:\/\/v31.es\/booksonline\/wp-json\/wp\/v2\/types\/post"}],"author":[{"embeddable":true,"href":"https:\/\/v31.es\/booksonline\/wp-json\/wp\/v2\/users\/1"}],"replies":[{"embeddable":true,"href":"https:\/\/v31.es\/booksonline\/wp-json\/wp\/v2\/comments?post=10053"}],"version-history":[{"count":6,"href":"https:\/\/v31.es\/booksonline\/wp-json\/wp\/v2\/posts\/10053\/revisions"}],"predecessor-version":[{"id":10763,"href":"https:\/\/v31.es\/booksonline\/wp-json\/wp\/v2\/posts\/10053\/revisions\/10763"}],"wp:featuredmedia":[{"embeddable":true,"href":"https:\/\/v31.es\/booksonline\/wp-json\/wp\/v2\/media\/10054"}],"wp:attachment":[{"href":"https:\/\/v31.es\/booksonline\/wp-json\/wp\/v2\/media?parent=10053"}],"wp:term":[{"taxonomy":"category","embeddable":true,"href":"https:\/\/v31.es\/booksonline\/wp-json\/wp\/v2\/categories?post=10053"},{"taxonomy":"post_tag","embeddable":true,"href":"https:\/\/v31.es\/booksonline\/wp-json\/wp\/v2\/tags?post=10053"}],"curies":[{"name":"wp","href":"https:\/\/api.w.org\/{rel}","templated":true}]}}