{"id":10624,"date":"2024-12-26T09:55:36","date_gmt":"2024-12-26T08:55:36","guid":{"rendered":"https:\/\/v31.es\/booksonline\/?p=10624"},"modified":"2025-02-11T09:01:29","modified_gmt":"2025-02-11T08:01:29","slug":"maria-tallon-2","status":"publish","type":"post","link":"https:\/\/v31.es\/booksonline\/2024\/12\/26\/maria-tallon-2\/","title":{"rendered":"Mar\u00eda Tall\u00f3n"},"content":{"rendered":"<p>[et_pb_section fb_built=\u00bb1&#8243; _builder_version=\u00bb4.16&#8243; _module_preset=\u00bbdefault\u00bb global_colors_info=\u00bb{}\u00bb][et_pb_row column_structure=\u00bb1_2,1_2&#8243; _builder_version=\u00bb4.27.4&#8243; _module_preset=\u00bbdefault\u00bb min_height=\u00bb472.6px\u00bb custom_margin=\u00bb|auto|-37px|auto||\u00bb global_colors_info=\u00bb{}\u00bb][et_pb_column type=\u00bb1_2&#8243; _builder_version=\u00bb4.16&#8243; _module_preset=\u00bbdefault\u00bb global_colors_info=\u00bb{}\u00bb][et_pb_image src=\u00bbhttps:\/\/v31.es\/booksonline\/wp-content\/uploads\/2024\/12\/Maria-Tallon-Autora.webp\u00bb alt=\u00bbMar\u00eda Tall\u00f3n\u00bb title_text=\u00bbMaria Tallon Autora\u00bb _builder_version=\u00bb4.27.4&#8243; _module_preset=\u00bbdefault\u00bb hover_enabled=\u00bb0&#8243; global_colors_info=\u00bb{}\u00bb sticky_enabled=\u00bb0&#8243; custom_padding=\u00bb|67px|0px|||\u00bb width=\u00bb93.2%\u00bb][\/et_pb_image][\/et_pb_column][et_pb_column type=\u00bb1_2&#8243; _builder_version=\u00bb4.16&#8243; _module_preset=\u00bbdefault\u00bb global_colors_info=\u00bb{}\u00bb][et_pb_text _builder_version=\u00bb4.16&#8243; _module_preset=\u00bbdefault\u00bb min_height=\u00bb391.1px\u00bb custom_margin=\u00bb||-21px|||\u00bb custom_padding=\u00bb0px||0px|0px||\u00bb global_colors_info=\u00bb{}\u00bb]<\/p>\n<h2 class=\"custom\" style=\"text-align: justify;\"><\/h2>\n<p class=\"custom\" style=\"text-align: justify;\"><b><span><i>Mi nombre es Mar\u00eda. Vivo y trabajo en Arag\u00f3n aunque nac\u00ed y viv\u00ed en Madrid hasta los 21 a\u00f1os.\u00a0<\/i><\/span><\/b><br \/><b><span><i><br \/><\/i><\/span><\/b><span><\/span><b><span><i>Soy profesora de educaci\u00f3n especial e ingl\u00e9s y psicopedagoga.\u00a0<\/i><\/span><\/b><br \/><b><span><i>He trabajado en Inglaterra, la India y Espa\u00f1a con ni\u00f1os y adultos con discapacidad intelectual y f\u00edsica. Tambi\u00e9n\u00a0<\/i><\/span><\/b><b><span><i>acompa\u00f1ando a personas en sus \u00faltimos d\u00edas\u00a0<\/i><\/span><\/b><b><span><i>en Honduras y en la India.<\/i><\/span><\/b><br \/><b><span><i>He trabajado en un hospital grande, atendiendo a \u00abpeques\u00bb con enfermedades diversas, cercana a sus familias durante procesos muchas veces muy dolorosos y colaborando con todas las personas que form\u00e1bamos el gran equipo del hospital.<\/i><\/span><\/b><br \/><b><span><i><br \/><\/i><\/span><\/b><b><span><i>He estudiado en risoterapia y danza consciente, pedagog\u00eda sist\u00e9mica, reiki y mindfulness. Soy M\u00e1ster en Mindfulness por la Universidad de Zaragoza<\/i><\/span><\/b><\/p>\n<div style=\"text-align: justify;\">\n<div class=\"container-page\"><\/div>\n<\/div>\n<p>[\/et_pb_text][\/et_pb_column][\/et_pb_row][et_pb_row _builder_version=\u00bb4.27.4&#8243; _module_preset=\u00bbdefault\u00bb global_colors_info=\u00bb{}\u00bb][et_pb_column type=\u00bb4_4&#8243; _builder_version=\u00bb4.27.4&#8243; _module_preset=\u00bbdefault\u00bb global_colors_info=\u00bb{}\u00bb][et_pb_text _builder_version=\u00bb4.27.4&#8243; _module_preset=\u00bbdefault\u00bb custom_padding=\u00bb21px|||||\u00bb global_colors_info=\u00bb{}\u00bb]<\/p>\n<p><i><b><span>Entiendo a todos los seres vivos como parte de la Fuente de la que todos provenimos.\u00a0<\/span><\/b><b><span>Cambia la forma, pero no la esencia. Somos todos uno e interdependientes.\u00a0<\/span><\/b><\/i><br \/><i><b><span><br \/><\/span><\/b><b><span>Cierto que dos cuerpos no pueden ocupar el mismo espacio y que el tiempo se refleja en mi espejo, pero m\u00e1s all\u00e1 del cuerpo me siento una contigo y s\u00e9 que algo eterno mora en m\u00ed. Y en ti.<\/span><\/b><\/i><br \/><i><b><span><br \/><\/span><\/b><b><span>Tambi\u00e9n me encantan todas las personas que dejan de buscar incesantemente lo que necesitan fuera de s\u00ed mismas, cuando se dan cuenta de la gran sabidur\u00eda y felicidad que reside en su interior.<\/span><\/b><\/i><br \/><i><b><span><br \/><\/span><\/b><\/i><span><\/span><i><b><span>Escribo cuentos y otros textos que reflejan mi narrativa de vida y la de las personas que conozco. Si no escribo me olvido de qui\u00e9n soy. \u00a0<\/span><\/b><\/i><br \/><i><b><span><br \/><\/span><\/b><b><span>Atr\u00e9vete a compartir un rato de risa, meditaci\u00f3n o danza conmigo. Te sana y te da herramientas para tender una mano a otros.<\/span><\/b><\/i><br \/><i><b><span><br \/><\/span><\/b><span><b>Algunas de esas cosas que llamas problemas no se ir\u00e1n por m\u00e1s vueltas que les des. Dirige tu atenci\u00f3n a encontrar b\u00e1lsamos para tu alma y esfu\u00e9rzate por crear redes de personas \u00absintientes\u00bb. \u00a1Atr\u00e9vete a re\u00edr aunque duela!<\/b><\/span><\/i><br \/><i><span><b><br \/><\/b><\/span><span><b>Te espero.<\/b><\/span><\/i><\/p>\n<p>[\/et_pb_text][\/et_pb_column][\/et_pb_row][et_pb_row _builder_version=\u00bb4.21.0&#8243; _module_preset=\u00bbdefault\u00bb global_colors_info=\u00bb{}\u00bb][et_pb_column type=\u00bb4_4&#8243; _builder_version=\u00bb4.21.0&#8243; _module_preset=\u00bbdefault\u00bb global_colors_info=\u00bb{}\u00bb][et_pb_wc_related_products columns_number=\u00bb5&#8243; include_categories=\u00bb280&#8243; _builder_version=\u00bb4.27.4&#8243; _module_preset=\u00bbdefault\u00bb hover_enabled=\u00bb0&#8243; global_colors_info=\u00bb{}\u00bb posts_number=\u00bb5&#8243; sticky_enabled=\u00bb0&#8243;][\/et_pb_wc_related_products][et_pb_shop type=\u00bbproduct_category\u00bb posts_number=\u00bb5&#8243; include_categories=\u00bb218&#8243; columns_number=\u00bb5&#8243; orderby=\u00bbdate-desc\u00bb _builder_version=\u00bb4.27.4&#8243; _module_preset=\u00bbdefault\u00bb title_text_align=\u00bbleft\u00bb title_text_color=\u00bb#707070&#8243; title_font_size=\u00bb13px\u00bb price_text_align=\u00bbleft\u00bb price_text_color=\u00bb#7CDA24&#8243; price_font_size=\u00bb8px\u00bb price_line_height=\u00bb1px\u00bb sale_price_text_color=\u00bb#61bc20&#8243; sale_price_font_size=\u00bb14px\u00bb hover_enabled=\u00bb0&#8243; global_colors_info=\u00bb{}\u00bb min_height=\u00bb342.7px\u00bb title_line_height=\u00bb1.1em\u00bb sticky_enabled=\u00bb0&#8243;][\/et_pb_shop][\/et_pb_column][\/et_pb_row][\/et_pb_section][et_pb_section fb_built=\u00bb1&#8243; fullwidth=\u00bbon\u00bb _builder_version=\u00bb4.16&#8243; _module_preset=\u00bbdefault\u00bb global_colors_info=\u00bb{}\u00bb][\/et_pb_section]<\/p>\n","protected":false},"excerpt":{"rendered":"<p>Mi nombre es Mar\u00eda. Vivo y trabajo en Arag\u00f3n aunque nac\u00ed y viv\u00ed en Madrid hasta los 21 a\u00f1os.\u00a0Soy profesora de educaci\u00f3n especial e ingl\u00e9s y psicopedagoga.\u00a0He trabajado en Inglaterra, la India y Espa\u00f1a con ni\u00f1os y adultos con discapacidad intelectual y f\u00edsica. Tambi\u00e9n\u00a0acompa\u00f1ando a personas en sus \u00faltimos d\u00edas\u00a0en Honduras y en la India.He [&hellip;]<\/p>\n","protected":false},"author":1,"featured_media":10656,"comment_status":"open","ping_status":"open","sticky":false,"template":"","format":"standard","meta":{"_et_pb_use_builder":"on","_et_pb_old_content":"","_et_gb_content_width":"","footnotes":""},"categories":[240],"tags":[],"class_list":["post-10624","post","type-post","status-publish","format-standard","has-post-thumbnail","hentry","category-editoriales","et-has-post-format-content","et_post_format-et-post-format-standard"],"_links":{"self":[{"href":"https:\/\/v31.es\/booksonline\/wp-json\/wp\/v2\/posts\/10624","targetHints":{"allow":["GET"]}}],"collection":[{"href":"https:\/\/v31.es\/booksonline\/wp-json\/wp\/v2\/posts"}],"about":[{"href":"https:\/\/v31.es\/booksonline\/wp-json\/wp\/v2\/types\/post"}],"author":[{"embeddable":true,"href":"https:\/\/v31.es\/booksonline\/wp-json\/wp\/v2\/users\/1"}],"replies":[{"embeddable":true,"href":"https:\/\/v31.es\/booksonline\/wp-json\/wp\/v2\/comments?post=10624"}],"version-history":[{"count":12,"href":"https:\/\/v31.es\/booksonline\/wp-json\/wp\/v2\/posts\/10624\/revisions"}],"predecessor-version":[{"id":10664,"href":"https:\/\/v31.es\/booksonline\/wp-json\/wp\/v2\/posts\/10624\/revisions\/10664"}],"wp:featuredmedia":[{"embeddable":true,"href":"https:\/\/v31.es\/booksonline\/wp-json\/wp\/v2\/media\/10656"}],"wp:attachment":[{"href":"https:\/\/v31.es\/booksonline\/wp-json\/wp\/v2\/media?parent=10624"}],"wp:term":[{"taxonomy":"category","embeddable":true,"href":"https:\/\/v31.es\/booksonline\/wp-json\/wp\/v2\/categories?post=10624"},{"taxonomy":"post_tag","embeddable":true,"href":"https:\/\/v31.es\/booksonline\/wp-json\/wp\/v2\/tags?post=10624"}],"curies":[{"name":"wp","href":"https:\/\/api.w.org\/{rel}","templated":true}]}}