{"id":290,"date":"2019-06-03T11:38:22","date_gmt":"2019-06-03T09:38:22","guid":{"rendered":"http:\/\/v31.es\/booksonline\/?p=290"},"modified":"2021-03-20T11:03:04","modified_gmt":"2021-03-20T10:03:04","slug":"agenda-de-autor","status":"publish","type":"post","link":"https:\/\/v31.es\/booksonline\/2019\/06\/03\/agenda-de-autor\/","title":{"rendered":"Agenda de autor"},"content":{"rendered":"\n<h1 class=\"wp-block-heading\">Agenda de autor<\/h1>\n\n\n\n<p>A partir de una tirada de 100 ejemplares,<strong> te regalaremos una agenda<\/strong> de autor <strong>personalizada<\/strong>. Un cuaderno de 150 p\u00e1ginas <strong>con la portada de tu libro<\/strong>. El departamento gr\u00e1fico dise\u00f1ar\u00e1 este detalle exclusivo que te resultar\u00e1 ideal para organizar y fechar los eventos literarios, anotar impresiones, apuntar ideas de nuevos proyectos.<\/p>\n","protected":false},"excerpt":{"rendered":"<p>Agenda de autor A partir de una tirada de 100 ejemplares, te regalaremos una agenda de autor personalizada. Un cuaderno de 150 p\u00e1ginas con la portada de tu libro. El departamento gr\u00e1fico dise\u00f1ar\u00e1 este detalle exclusivo que te resultar\u00e1 ideal para organizar y fechar los eventos literarios, anotar impresiones, apuntar ideas de nuevos proyectos.<\/p>\n","protected":false},"author":1,"featured_media":291,"comment_status":"closed","ping_status":"open","sticky":false,"template":"","format":"standard","meta":{"_et_pb_use_builder":"off","_et_pb_old_content":"","_et_gb_content_width":"","footnotes":""},"categories":[25],"tags":[],"class_list":["post-290","post","type-post","status-publish","format-standard","has-post-thumbnail","hentry","category-promocion","et-has-post-format-content","et_post_format-et-post-format-standard"],"_links":{"self":[{"href":"https:\/\/v31.es\/booksonline\/wp-json\/wp\/v2\/posts\/290","targetHints":{"allow":["GET"]}}],"collection":[{"href":"https:\/\/v31.es\/booksonline\/wp-json\/wp\/v2\/posts"}],"about":[{"href":"https:\/\/v31.es\/booksonline\/wp-json\/wp\/v2\/types\/post"}],"author":[{"embeddable":true,"href":"https:\/\/v31.es\/booksonline\/wp-json\/wp\/v2\/users\/1"}],"replies":[{"embeddable":true,"href":"https:\/\/v31.es\/booksonline\/wp-json\/wp\/v2\/comments?post=290"}],"version-history":[{"count":4,"href":"https:\/\/v31.es\/booksonline\/wp-json\/wp\/v2\/posts\/290\/revisions"}],"predecessor-version":[{"id":8728,"href":"https:\/\/v31.es\/booksonline\/wp-json\/wp\/v2\/posts\/290\/revisions\/8728"}],"wp:featuredmedia":[{"embeddable":true,"href":"https:\/\/v31.es\/booksonline\/wp-json\/wp\/v2\/media\/291"}],"wp:attachment":[{"href":"https:\/\/v31.es\/booksonline\/wp-json\/wp\/v2\/media?parent=290"}],"wp:term":[{"taxonomy":"category","embeddable":true,"href":"https:\/\/v31.es\/booksonline\/wp-json\/wp\/v2\/categories?post=290"},{"taxonomy":"post_tag","embeddable":true,"href":"https:\/\/v31.es\/booksonline\/wp-json\/wp\/v2\/tags?post=290"}],"curies":[{"name":"wp","href":"https:\/\/api.w.org\/{rel}","templated":true}]}}