{"id":427,"date":"2019-06-03T14:14:07","date_gmt":"2019-06-03T12:14:07","guid":{"rendered":"http:\/\/v31.es\/booksonline\/?p=427"},"modified":"2021-03-19T16:08:10","modified_gmt":"2021-03-19T15:08:10","slug":"la-portada-el-primer-impacto","status":"publish","type":"post","link":"https:\/\/v31.es\/booksonline\/2019\/06\/03\/la-portada-el-primer-impacto\/","title":{"rendered":"La portada, el primer impacto"},"content":{"rendered":"\n<h1 class=\"wp-block-heading\">La portada, el primer impacto<\/h1>\n\n\n\n<p><strong>Los dise\u00f1adores, creativos.<\/strong><\/p>\n\n\n\n<p>Si bien la enjundia de un libro reside en la trama y la limpieza de la narraci\u00f3n, <strong>la portada <\/strong>hace la veces de <strong>\u201cefecto llamada\u201d<\/strong> de cara al potencial lector, y por eso no hay que infravalorarla. No nos gustan ni las plantillas ni los dise\u00f1os estandarizados. El departamento creativo hablar\u00e1 contigo, se har\u00e1 una idea de tus preferencias y, con la tem\u00e1tica del texto como luz principal, elaborar\u00e1 un dise\u00f1o personalizado. Somos imaginativos y conocemos el mercado. La portada es el primer \u201ctoque\u201d al lector. Te sorprenderemos.<\/p>\n","protected":false},"excerpt":{"rendered":"<p>La portada, el primer impacto Los dise\u00f1adores, creativos. Si bien la enjundia de un libro reside en la trama y la limpieza de la narraci\u00f3n, la portada hace la veces de \u201cefecto llamada\u201d de cara al potencial lector, y por eso no hay que infravalorarla. No nos gustan ni las plantillas ni los dise\u00f1os estandarizados. [&hellip;]<\/p>\n","protected":false},"author":1,"featured_media":428,"comment_status":"closed","ping_status":"open","sticky":false,"template":"","format":"standard","meta":{"_et_pb_use_builder":"off","_et_pb_old_content":"","_et_gb_content_width":"","footnotes":""},"categories":[21,35],"tags":[],"class_list":["post-427","post","type-post","status-publish","format-standard","has-post-thumbnail","hentry","category-como-editar","category-servicios-incluidos","et-has-post-format-content","et_post_format-et-post-format-standard"],"_links":{"self":[{"href":"https:\/\/v31.es\/booksonline\/wp-json\/wp\/v2\/posts\/427","targetHints":{"allow":["GET"]}}],"collection":[{"href":"https:\/\/v31.es\/booksonline\/wp-json\/wp\/v2\/posts"}],"about":[{"href":"https:\/\/v31.es\/booksonline\/wp-json\/wp\/v2\/types\/post"}],"author":[{"embeddable":true,"href":"https:\/\/v31.es\/booksonline\/wp-json\/wp\/v2\/users\/1"}],"replies":[{"embeddable":true,"href":"https:\/\/v31.es\/booksonline\/wp-json\/wp\/v2\/comments?post=427"}],"version-history":[{"count":3,"href":"https:\/\/v31.es\/booksonline\/wp-json\/wp\/v2\/posts\/427\/revisions"}],"predecessor-version":[{"id":8705,"href":"https:\/\/v31.es\/booksonline\/wp-json\/wp\/v2\/posts\/427\/revisions\/8705"}],"wp:featuredmedia":[{"embeddable":true,"href":"https:\/\/v31.es\/booksonline\/wp-json\/wp\/v2\/media\/428"}],"wp:attachment":[{"href":"https:\/\/v31.es\/booksonline\/wp-json\/wp\/v2\/media?parent=427"}],"wp:term":[{"taxonomy":"category","embeddable":true,"href":"https:\/\/v31.es\/booksonline\/wp-json\/wp\/v2\/categories?post=427"},{"taxonomy":"post_tag","embeddable":true,"href":"https:\/\/v31.es\/booksonline\/wp-json\/wp\/v2\/tags?post=427"}],"curies":[{"name":"wp","href":"https:\/\/api.w.org\/{rel}","templated":true}]}}