{"id":8802,"date":"2021-04-08T10:12:42","date_gmt":"2021-04-08T08:12:42","guid":{"rendered":"https:\/\/v31.es\/booksonline\/?p=8802"},"modified":"2021-04-08T10:12:42","modified_gmt":"2021-04-08T08:12:42","slug":"soplo-poetico","status":"publish","type":"post","link":"https:\/\/v31.es\/booksonline\/2021\/04\/08\/soplo-poetico\/","title":{"rendered":"Soplo poetico"},"content":{"rendered":"<p>[et_pb_section fb_built=\u00bb1&#8243; _builder_version=\u00bb4.9.3&#8243; _module_preset=\u00bbdefault\u00bb][et_pb_row column_structure=\u00bb1_2,1_2&#8243; _builder_version=\u00bb4.9.3&#8243; _module_preset=\u00bbdefault\u00bb width=\u00bb100%\u00bb max_width=\u00bb959px\u00bb height=\u00bb1000px\u00bb max_height=\u00bb1000px\u00bb][et_pb_column type=\u00bb1_2&#8243; _builder_version=\u00bb4.9.3&#8243; _module_preset=\u00bbdefault\u00bb][et_pb_image src=\u00bbhttps:\/\/v31.es\/booksonline\/wp-content\/uploads\/2019\/07\/El_Latido_de_la_Tierra.jpg\u00bb title_text=\u00bbEl_Latido_de_la_Tierra\u00bb _builder_version=\u00bb4.9.3&#8243; _module_preset=\u00bbdefault\u00bb][\/et_pb_image][et_pb_text _builder_version=\u00bb4.9.3&#8243; _module_preset=\u00bbdefault\u00bb text_line_height=\u00bb1em\u00bb custom_margin=\u00bb|21px||58px||\u00bb custom_padding=\u00bb|60px||||\u00bb]<\/p>\n<table class=\"woocommerce-product-attributes shop_attributes\">\n<tbody>\n<tr class=\"woocommerce-product-attributes-item woocommerce-product-attributes-item--attribute_autor\">\n<th class=\"woocommerce-product-attributes-item__label\">AUTOR:<\/th>\n<td class=\"woocommerce-product-attributes-item__value\">\n<p>Luz Gab\u00e1s<\/p>\n<\/td>\n<\/tr>\n<tr class=\"woocommerce-product-attributes-item woocommerce-product-attributes-item--attribute_isbn\">\n<th class=\"woocommerce-product-attributes-item__label\">ISBN:<\/th>\n<td class=\"woocommerce-product-attributes-item__value\">\n<p>978-84-082142-8-1<\/p>\n<\/td>\n<\/tr>\n<tr class=\"woocommerce-product-attributes-item woocommerce-product-attributes-item--attribute_p%c3%a1ginas\">\n<th class=\"woocommerce-product-attributes-item__label\">P\u00c1GINAS:<\/th>\n<td class=\"woocommerce-product-attributes-item__value\">\n<p>448<\/p>\n<\/td>\n<\/tr>\n<tr class=\"woocommerce-product-attributes-item woocommerce-product-attributes-item--attribute_idioma\">\n<th class=\"woocommerce-product-attributes-item__label\">IDIOMA:<\/th>\n<td class=\"woocommerce-product-attributes-item__value\">\n<p>Castellano<\/p>\n<\/td>\n<\/tr>\n<\/tbody>\n<\/table>\n<table class=\"woocommerce-product-attributes shop_attributes\" width=\"317\" height=\"214\"><\/table>\n<p><a href=\"https:\/\/www.booksonline.es\/es\/coleccion\/novela\" title=\"Art\u00edculos de la colecci\u00f3n\"><\/a><\/p>\n<p>[\/et_pb_text][et_pb_wc_add_to_cart _builder_version=\u00bb4.9.3&#8243; _module_preset=\u00bbdefault\u00bb body_text_color=\u00bb#7CDA24&#8243; custom_button=\u00bbon\u00bb button_bg_color=\u00bb#7CDA24&#8243; button_icon=\u00bb%%114%%\u00bb button_icon_color=\u00bb#FFFFFF\u00bb transform_translate=\u00bb0px|5px\u00bb custom_margin=\u00bb-236px|||-2px||\u00bb custom_padding=\u00bb|||0px||\u00bb link_option_url=\u00bbhttps:\/\/v31.es\/booksonline\/producto\/el-latido-de-la-tierra\/\u00bb border_radii=\u00bbon|20px|20px|20px|20px\u00bb box_shadow_style_button=\u00bbpreset6&#8243;][\/et_pb_wc_add_to_cart][et_pb_social_media_follow _builder_version=\u00bb4.9.3&#8243; _module_preset=\u00bbdefault\u00bb custom_margin=\u00bb19px|||||\u00bb custom_padding=\u00bb|||56px||\u00bb][et_pb_social_media_follow_network social_network=\u00bbfacebook\u00bb url=\u00bbhttps:\/\/www.facebook.com\/booksonline.es\/\u00bb _builder_version=\u00bb4.9.3&#8243; _module_preset=\u00bbdefault\u00bb background_color=\u00bb#3b5998&#8243; follow_button=\u00bboff\u00bb url_new_window=\u00bbon\u00bb]facebook[\/et_pb_social_media_follow_network][et_pb_social_media_follow_network social_network=\u00bbinstagram\u00bb url=\u00bbhttps:\/\/www.instagram.com\/booksonline.es\/\u00bb _builder_version=\u00bb4.9.3&#8243; _module_preset=\u00bbdefault\u00bb background_color=\u00bb#ea2c59&#8243; follow_button=\u00bboff\u00bb url_new_window=\u00bbon\u00bb]instagram[\/et_pb_social_media_follow_network][\/et_pb_social_media_follow][\/et_pb_column][et_pb_column type=\u00bb1_2&#8243; _builder_version=\u00bb4.9.3&#8243; _module_preset=\u00bbdefault\u00bb][et_pb_text _builder_version=\u00bb4.9.3&#8243; _module_preset=\u00bbdefault\u00bb text_font=\u00bb||||||||\u00bb text_font_size=\u00bb28px\u00bb header_4_font=\u00bbAbel||||||||\u00bb header_4_font_size=\u00bb54px\u00bb width=\u00bb100%\u00bb max_width=\u00bb100%\u00bb min_height=\u00bb44.6px\u00bb custom_margin=\u00bb41px|||||\u00bb custom_padding=\u00bb||0px|||\u00bb]<\/p>\n<p><span style=\"font-size: xx-large; color: rgba(124, 218, 36, 0.5);\"><strong>SOPLO PO\u00c9TICO<\/strong><\/span><\/p>\n<p>[\/et_pb_text][et_pb_text _builder_version=\u00bb4.9.3&#8243; _module_preset=\u00bbdefault\u00bb custom_padding=\u00bb22px||16px|||\u00bb]<\/p>\n<h1><span style=\"font-size: medium;\"><em><strong>Vuelve Luz Gab\u00e1s <\/strong><strong>con su novela <\/strong><\/em><\/span><span style=\"font-size: medium;\"><em><strong>m\u00e1s sentida<\/strong><\/em><\/span><\/h1>\n<p>[\/et_pb_text][et_pb_text _builder_version=\u00bb4.9.3&#8243; _module_preset=\u00bbdefault\u00bb width=\u00bb91.7%\u00bb]<\/p>\n<div id=\"detpestanias\">\n<div id=\"tabsinopsis\">\n<p itemprop=\"description\" class=\"bodytext\" style=\"text-align: justify;\"><span style=\"font-size: medium;\">Alira, heredera de la mansi\u00f3n y las tierras que su familia conserva desde hace generaciones, se debate entre mantenerse fiel a sus or\u00edgenes o adaptarse a los nuevos tiempos. Cuando cree encontrar la respuesta a sus dudas, una misteriosa desaparici\u00f3n perturba la aparente calma que reinaba en la casa, la \u00fanica habitada en un peque\u00f1o\u00a0 pueblo abandonado. Un gui\u00f1o del destino la obligar\u00e1 a enfrentarse a su pasado y a cuestionarse cuanto para ella hab\u00eda sido inmutable. A partir de ese momento comenzar\u00e1 a sentir algo para lo que nunca pens\u00f3 estar preparada: el amor.<\/span><br \/><span style=\"font-size: medium;\">\u00a0Luz Gab\u00e1s construye de manera magistral una bella historia de pasi\u00f3n, lealtad, intriga y sentimientos encontrados.<\/span><br \/><span style=\"font-size: medium;\">\u00abDespu\u00e9s de Palmeras en la nieve, El latido de la tierra es mi novela m\u00e1s sentida, m\u00e1s personal. En ella he volcado mis emociones, la historia de los que me rodean, la vida de un valle lejano pero que late con fuerza\u00bb, Luz Gab\u00e1s.<\/span><\/p>\n<\/div>\n<\/div>\n<p>&nbsp;<\/p>\n<p>&nbsp;<\/p>\n<p>[\/et_pb_text][\/et_pb_column][\/et_pb_row][\/et_pb_section]<\/p>\n","protected":false},"excerpt":{"rendered":"<p>AUTOR: Luz Gab\u00e1s ISBN: 978-84-082142-8-1 P\u00c1GINAS: 448 IDIOMA: Castellano SOPLO PO\u00c9TICOVuelve Luz Gab\u00e1s con su novela m\u00e1s sentida Alira, heredera de la mansi\u00f3n y las tierras que su familia conserva desde hace generaciones, se debate entre mantenerse fiel a sus or\u00edgenes o adaptarse a los nuevos tiempos. Cuando cree encontrar la respuesta a sus dudas, [&hellip;]<\/p>\n","protected":false},"author":1,"featured_media":0,"comment_status":"open","ping_status":"open","sticky":false,"template":"","format":"standard","meta":{"_et_pb_use_builder":"on","_et_pb_old_content":"","_et_gb_content_width":"","footnotes":""},"categories":[1],"tags":[],"class_list":["post-8802","post","type-post","status-publish","format-standard","hentry","category-sin-categoria","et-doesnt-have-format-content","et_post_format-et-post-format-standard"],"_links":{"self":[{"href":"https:\/\/v31.es\/booksonline\/wp-json\/wp\/v2\/posts\/8802","targetHints":{"allow":["GET"]}}],"collection":[{"href":"https:\/\/v31.es\/booksonline\/wp-json\/wp\/v2\/posts"}],"about":[{"href":"https:\/\/v31.es\/booksonline\/wp-json\/wp\/v2\/types\/post"}],"author":[{"embeddable":true,"href":"https:\/\/v31.es\/booksonline\/wp-json\/wp\/v2\/users\/1"}],"replies":[{"embeddable":true,"href":"https:\/\/v31.es\/booksonline\/wp-json\/wp\/v2\/comments?post=8802"}],"version-history":[{"count":3,"href":"https:\/\/v31.es\/booksonline\/wp-json\/wp\/v2\/posts\/8802\/revisions"}],"predecessor-version":[{"id":8806,"href":"https:\/\/v31.es\/booksonline\/wp-json\/wp\/v2\/posts\/8802\/revisions\/8806"}],"wp:attachment":[{"href":"https:\/\/v31.es\/booksonline\/wp-json\/wp\/v2\/media?parent=8802"}],"wp:term":[{"taxonomy":"category","embeddable":true,"href":"https:\/\/v31.es\/booksonline\/wp-json\/wp\/v2\/categories?post=8802"},{"taxonomy":"post_tag","embeddable":true,"href":"https:\/\/v31.es\/booksonline\/wp-json\/wp\/v2\/tags?post=8802"}],"curies":[{"name":"wp","href":"https:\/\/api.w.org\/{rel}","templated":true}]}}