{"id":8830,"date":"2021-04-13T08:55:00","date_gmt":"2021-04-13T06:55:00","guid":{"rendered":"https:\/\/v31.es\/booksonline\/?p=8830"},"modified":"2021-04-15T09:13:14","modified_gmt":"2021-04-15T07:13:14","slug":"una-habitacion-propia-con-wifi","status":"publish","type":"post","link":"https:\/\/v31.es\/booksonline\/2021\/04\/13\/una-habitacion-propia-con-wifi\/","title":{"rendered":"Una habitaci\u00f3n propia con wifi"},"content":{"rendered":"<p>[et_pb_section fb_built=\u00bb1&#8243; _builder_version=\u00bb4.9.3&#8243; _module_preset=\u00bbdefault\u00bb custom_padding=\u00bb34px|||||\u00bb][et_pb_row column_structure=\u00bb1_2,1_2&#8243; _builder_version=\u00bb4.9.3&#8243; _module_preset=\u00bbdefault\u00bb width=\u00bb100%\u00bb max_width=\u00bb959px\u00bb height=\u00bb1000px\u00bb max_height=\u00bb1000px\u00bb][et_pb_column type=\u00bb1_2&#8243; _builder_version=\u00bb4.9.3&#8243; _module_preset=\u00bbdefault\u00bb][et_pb_image src=\u00bbhttps:\/\/v31.es\/booksonline\/wp-content\/uploads\/2021\/04\/Una-habitacion-Propia_Raquel-Ribal-Rossy.jpg\u00bb alt=\u00bbUna habitaci\u00f3n propia con wifi\u00bb title_text=\u00bbUna habitaci\u00f3n Propia_Raquel Ribal Rossy\u00bb _builder_version=\u00bb4.9.4&#8243; _module_preset=\u00bbdefault\u00bb custom_padding=\u00bb|0px|36px|||\u00bb][\/et_pb_image][et_pb_text _builder_version=\u00bb4.9.3&#8243; _module_preset=\u00bbdefault\u00bb text_line_height=\u00bb1em\u00bb custom_margin=\u00bb|21px||58px||\u00bb custom_padding=\u00bb|60px||||\u00bb]<\/p>\n<table class=\"woocommerce-product-attributes shop_attributes\">\n<tbody>\n<tr class=\"woocommerce-product-attributes-item woocommerce-product-attributes-item--attribute_autor\">\n<th class=\"woocommerce-product-attributes-item__label\">AUTOR:<\/th>\n<td class=\"woocommerce-product-attributes-item__value\">\n<p>Raquel Riba Rossy<\/p>\n<\/td>\n<\/tr>\n<tr class=\"woocommerce-product-attributes-item woocommerce-product-attributes-item--attribute_isbn\">\n<th class=\"woocommerce-product-attributes-item__label\">ISBN:<\/th>\n<td class=\"woocommerce-product-attributes-item__value\">\n<p><span>978-84-264-0765-8<\/span><\/p>\n<\/td>\n<\/tr>\n<tr class=\"woocommerce-product-attributes-item woocommerce-product-attributes-item--attribute_p%c3%a1ginas\">\n<th class=\"woocommerce-product-attributes-item__label\">P\u00c1GINAS:<\/th>\n<td class=\"woocommerce-product-attributes-item__value\">\n<p>2116<\/p>\n<\/td>\n<\/tr>\n<tr class=\"woocommerce-product-attributes-item woocommerce-product-attributes-item--attribute_idioma\">\n<th class=\"woocommerce-product-attributes-item__label\">IDIOMA:<\/th>\n<td class=\"woocommerce-product-attributes-item__value\">\n<p>Castellano<\/p>\n<\/td>\n<\/tr>\n<\/tbody>\n<\/table>\n<table class=\"woocommerce-product-attributes shop_attributes\" width=\"317\" height=\"214\"><\/table>\n<p><a href=\"https:\/\/www.booksonline.es\/es\/coleccion\/novela\" title=\"Art\u00edculos de la colecci\u00f3n\"><\/a><\/p>\n<p>[\/et_pb_text][et_pb_wc_add_to_cart _builder_version=\u00bb4.9.4&#8243; _module_preset=\u00bbdefault\u00bb body_text_color=\u00bb#7CDA24&#8243; custom_button=\u00bbon\u00bb button_bg_color=\u00bb#7CDA24&#8243; button_icon=\u00bb%%114%%\u00bb button_icon_color=\u00bb#FFFFFF\u00bb transform_translate=\u00bb0px|5px\u00bb custom_margin=\u00bb-236px|||-2px||\u00bb custom_padding=\u00bb|||0px||\u00bb link_option_url=\u00bbhttps:\/\/www.booksonline.es\/es\/libros\/lola-vendetta-una-habitacion-propia-con-wifi_0010291736&#8243; hover_enabled=\u00bb0&#8243; border_radii=\u00bbon|20px|20px|20px|20px\u00bb box_shadow_style_button=\u00bbpreset6&#8243; link_option_url_new_window=\u00bbon\u00bb sticky_enabled=\u00bb0&#8243;][\/et_pb_wc_add_to_cart][et_pb_social_media_follow _builder_version=\u00bb4.9.3&#8243; _module_preset=\u00bbdefault\u00bb custom_margin=\u00bb19px|||||\u00bb custom_padding=\u00bb|||56px||\u00bb][et_pb_social_media_follow_network social_network=\u00bbfacebook\u00bb url=\u00bbhttps:\/\/www.facebook.com\/booksonline.es\/\u00bb _builder_version=\u00bb4.9.3&#8243; _module_preset=\u00bbdefault\u00bb background_color=\u00bb#3b5998&#8243; follow_button=\u00bboff\u00bb url_new_window=\u00bbon\u00bb]facebook[\/et_pb_social_media_follow_network][et_pb_social_media_follow_network social_network=\u00bbinstagram\u00bb url=\u00bbhttps:\/\/www.instagram.com\/booksonline.es\/\u00bb _builder_version=\u00bb4.9.3&#8243; _module_preset=\u00bbdefault\u00bb background_color=\u00bb#ea2c59&#8243; follow_button=\u00bboff\u00bb url_new_window=\u00bbon\u00bb]instagram[\/et_pb_social_media_follow_network][\/et_pb_social_media_follow][\/et_pb_column][et_pb_column type=\u00bb1_2&#8243; _builder_version=\u00bb4.9.3&#8243; _module_preset=\u00bbdefault\u00bb][et_pb_text _builder_version=\u00bb4.9.4&#8243; _module_preset=\u00bbdefault\u00bb text_font=\u00bb||||||||\u00bb text_text_color=\u00bb#68d800&#8243; text_font_size=\u00bb28px\u00bb text_line_height=\u00bb1.1em\u00bb header_4_font=\u00bbAbel||||||||\u00bb header_4_font_size=\u00bb54px\u00bb width=\u00bb100%\u00bb max_width=\u00bb100%\u00bb min_height=\u00bb100.6px\u00bb custom_margin=\u00bb-2px|||||\u00bb custom_padding=\u00bb10px||0px|37px||\u00bb]<\/p>\n<p><span style=\"font-size: xx-large; color: rgba(124, 218, 36, 0.5);\"><strong>UNA HABITACI\u00d3N PROPIA<\/strong><\/span><\/p>\n<p>[\/et_pb_text][et_pb_text _builder_version=\u00bb4.9.3&#8243; _module_preset=\u00bbdefault\u00bb custom_padding=\u00bb22px||16px|38px||\u00bb]<\/p>\n<h1><span>\u00a1LIBERTAD, IGUALDAD, SOSTENIBILIDAD!<\/span><\/h1>\n<p>[\/et_pb_text][et_pb_text _builder_version=\u00bb4.9.3&#8243; _module_preset=\u00bbdefault\u00bb width=\u00bb91.7%\u00bb custom_padding=\u00bb|||38px||\u00bb]<\/p>\n<div id=\"detpestanias\">\n<div id=\"tabsinopsis\">\n<p itemprop=\"description\" class=\"bodytext\" style=\"text-align: justify;\"><span>Si te gusta el comic y todav\u00eda no conoces a Lola, tienes toda una isla por descubrir. El argumento sirve tambi\u00e9n para todos aquellos que todav\u00eda no se acercado a este g\u00e9nero literario.<\/span><br \/><span>Raquel Riba Rossy, una ilustradora espa\u00f1ola graduada en Bellas Artes, cuando cumpli\u00f3 27 a\u00f1os nos present\u00f3 a \u201cLola Vendetta\u201d un personaje de c\u00f3mic que encarna la cr\u00edtica social a la invisibilidad de las mujeres. \u201cM\u00e1s vale Lola que mal acompa\u00f1ada\u201d fue el t\u00edtulo del primer c\u00f3mic de la saga. Tres a\u00f1os despu\u00e9s llega su cuarta entrega: \u201cUna habitaci\u00f3n propia con wifi\u201d. En estos d\u00edas de ruido y furia, la lectura de la obra puede convertirse en una catarsis, en un ejercicio de liberaci\u00f3n, en un remedio frente a la contractura mental. \u00a1LIBERTAD, IGUALDAD, SOSTENIBILIDAD! Lola Vendeta eclosiona, se ha volcado con tanta pasi\u00f3n en la defensa de la revoluci\u00f3n femenina y la apuesta por una nueva masculinidad que no se dio cuenta de que en su interior se estaba gestando otra revoluci\u00f3n. Su cuerpo y su mente, hartos de que los ignore, se han amotinado y amenazan con el colapso. Para colmo, su idea del amor se est\u00e1 resquebrajando. Todo la empuja a tomarse un respiro en el campo, pero ella a\u00fan no imagina las consecuencias de tener al fin una habitaci\u00f3n propia (con wifi, eso s\u00ed): libre y ecofeminista.<\/span><br \/><span>En su p\u00e1ginas desliza, a trav\u00e9s de dibujos expresivos, locuaces, emotivos, una cr\u00edtica demoledora hacia esa tiran\u00eda de la meritocracia que nos lleva de cabeza. Frases hechas y esl\u00f3ganes que nos hablan de un futuro que s\u00f3lo depende de nosotros, de nuestra capacidad para realizarlos. Sus im\u00e1genes nos ofrecen un nuevo discurso sobre la experiencia vital femenina. Un grito feminista que todos deber\u00edamos leer que desentra\u00f1a las verdades m\u00e1s necesarias, aunque inc\u00f3modas, respecto a la frustraci\u00f3n que viven las mujeres en la sociedad.<\/span><\/p>\n<\/div>\n<\/div>\n<p>&nbsp;<\/p>\n<p>&nbsp;<\/p>\n<p>[\/et_pb_text][\/et_pb_column][\/et_pb_row][\/et_pb_section]<\/p>\n","protected":false},"excerpt":{"rendered":"<p>AUTOR: Raquel Riba Rossy ISBN: 978-84-264-0765-8 P\u00c1GINAS: 2116 IDIOMA: Castellano UNA HABITACI\u00d3N PROPIA\u00a1LIBERTAD, IGUALDAD, SOSTENIBILIDAD! Si te gusta el comic y todav\u00eda no conoces a Lola, tienes toda una isla por descubrir. El argumento sirve tambi\u00e9n para todos aquellos que todav\u00eda no se acercado a este g\u00e9nero literario.Raquel Riba Rossy, una ilustradora espa\u00f1ola graduada en [&hellip;]<\/p>\n","protected":false},"author":1,"featured_media":8827,"comment_status":"open","ping_status":"open","sticky":false,"template":"","format":"standard","meta":{"_et_pb_use_builder":"on","_et_pb_old_content":"","_et_gb_content_width":"","footnotes":""},"categories":[285],"tags":[],"class_list":["post-8830","post","type-post","status-publish","format-standard","has-post-thumbnail","hentry","category-blog","et-has-post-format-content","et_post_format-et-post-format-standard"],"_links":{"self":[{"href":"https:\/\/v31.es\/booksonline\/wp-json\/wp\/v2\/posts\/8830","targetHints":{"allow":["GET"]}}],"collection":[{"href":"https:\/\/v31.es\/booksonline\/wp-json\/wp\/v2\/posts"}],"about":[{"href":"https:\/\/v31.es\/booksonline\/wp-json\/wp\/v2\/types\/post"}],"author":[{"embeddable":true,"href":"https:\/\/v31.es\/booksonline\/wp-json\/wp\/v2\/users\/1"}],"replies":[{"embeddable":true,"href":"https:\/\/v31.es\/booksonline\/wp-json\/wp\/v2\/comments?post=8830"}],"version-history":[{"count":4,"href":"https:\/\/v31.es\/booksonline\/wp-json\/wp\/v2\/posts\/8830\/revisions"}],"predecessor-version":[{"id":8847,"href":"https:\/\/v31.es\/booksonline\/wp-json\/wp\/v2\/posts\/8830\/revisions\/8847"}],"wp:featuredmedia":[{"embeddable":true,"href":"https:\/\/v31.es\/booksonline\/wp-json\/wp\/v2\/media\/8827"}],"wp:attachment":[{"href":"https:\/\/v31.es\/booksonline\/wp-json\/wp\/v2\/media?parent=8830"}],"wp:term":[{"taxonomy":"category","embeddable":true,"href":"https:\/\/v31.es\/booksonline\/wp-json\/wp\/v2\/categories?post=8830"},{"taxonomy":"post_tag","embeddable":true,"href":"https:\/\/v31.es\/booksonline\/wp-json\/wp\/v2\/tags?post=8830"}],"curies":[{"name":"wp","href":"https:\/\/api.w.org\/{rel}","templated":true}]}}