{"id":8836,"date":"2021-04-06T08:58:00","date_gmt":"2021-04-06T06:58:00","guid":{"rendered":"https:\/\/v31.es\/booksonline\/?p=8836"},"modified":"2021-04-15T09:10:31","modified_gmt":"2021-04-15T07:10:31","slug":"independencia","status":"publish","type":"post","link":"https:\/\/v31.es\/booksonline\/2021\/04\/06\/independencia\/","title":{"rendered":"Independencia"},"content":{"rendered":"<p>[et_pb_section fb_built=\u00bb1&#8243; _builder_version=\u00bb4.9.3&#8243; _module_preset=\u00bbdefault\u00bb custom_padding=\u00bb34px|||||\u00bb][et_pb_row column_structure=\u00bb1_2,1_2&#8243; _builder_version=\u00bb4.9.3&#8243; _module_preset=\u00bbdefault\u00bb width=\u00bb100%\u00bb max_width=\u00bb959px\u00bb height=\u00bb1000px\u00bb max_height=\u00bb1000px\u00bb][et_pb_column type=\u00bb1_2&#8243; _builder_version=\u00bb4.9.3&#8243; _module_preset=\u00bbdefault\u00bb][et_pb_image src=\u00bbhttps:\/\/v31.es\/booksonline\/wp-content\/uploads\/2021\/04\/Independencia_Javier-Cerdas.jpg\u00bb alt=\u00bbIndependencia\u00bb title_text=\u00bbIndependencia_Javier Cerdas\u00bb _builder_version=\u00bb4.9.4&#8243; _module_preset=\u00bbdefault\u00bb custom_padding=\u00bb|0px|36px|||\u00bb hover_enabled=\u00bb0&#8243; sticky_enabled=\u00bb0&#8243;][\/et_pb_image][et_pb_text _builder_version=\u00bb4.9.3&#8243; _module_preset=\u00bbdefault\u00bb text_line_height=\u00bb1em\u00bb custom_margin=\u00bb|21px||58px||\u00bb custom_padding=\u00bb|60px||||\u00bb]<\/p>\n<table class=\"woocommerce-product-attributes shop_attributes\">\n<tbody>\n<tr class=\"woocommerce-product-attributes-item woocommerce-product-attributes-item--attribute_autor\">\n<th class=\"woocommerce-product-attributes-item__label\">AUTOR:<\/th>\n<td class=\"woocommerce-product-attributes-item__value\">\n<p>Javier Cercas<\/p>\n<\/td>\n<\/tr>\n<tr class=\"woocommerce-product-attributes-item woocommerce-product-attributes-item--attribute_isbn\">\n<th class=\"woocommerce-product-attributes-item__label\">ISBN:<\/th>\n<td class=\"woocommerce-product-attributes-item__value\">\n<p><span>978-84-9066-929-7<\/span><\/p>\n<\/td>\n<\/tr>\n<tr class=\"woocommerce-product-attributes-item woocommerce-product-attributes-item--attribute_p%c3%a1ginas\">\n<th class=\"woocommerce-product-attributes-item__label\">P\u00c1GINAS:<\/th>\n<td class=\"woocommerce-product-attributes-item__value\">\n<p>400<\/p>\n<\/td>\n<\/tr>\n<tr class=\"woocommerce-product-attributes-item woocommerce-product-attributes-item--attribute_idioma\">\n<th class=\"woocommerce-product-attributes-item__label\">IDIOMA:<\/th>\n<td class=\"woocommerce-product-attributes-item__value\">\n<p>Castellano<\/p>\n<\/td>\n<\/tr>\n<\/tbody>\n<\/table>\n<table class=\"woocommerce-product-attributes shop_attributes\" width=\"317\" height=\"214\"><\/table>\n<p><a href=\"https:\/\/www.booksonline.es\/es\/coleccion\/novela\" title=\"Art\u00edculos de la colecci\u00f3n\"><\/a><\/p>\n<p>[\/et_pb_text][et_pb_wc_add_to_cart _builder_version=\u00bb4.9.4&#8243; _module_preset=\u00bbdefault\u00bb body_text_color=\u00bb#7CDA24&#8243; custom_button=\u00bbon\u00bb button_bg_color=\u00bb#7CDA24&#8243; button_icon=\u00bb%%114%%\u00bb button_icon_color=\u00bb#FFFFFF\u00bb transform_translate=\u00bb0px|5px\u00bb custom_margin=\u00bb-236px|||-2px||\u00bb custom_padding=\u00bb|||0px||\u00bb link_option_url=\u00bbhttps:\/\/www.booksonline.es\/es\/libros\/independencia_0010290582&#8243; hover_enabled=\u00bb0&#8243; border_radii=\u00bbon|20px|20px|20px|20px\u00bb box_shadow_style_button=\u00bbpreset6&#8243; sticky_enabled=\u00bb0&#8243; link_option_url_new_window=\u00bbon\u00bb][\/et_pb_wc_add_to_cart][et_pb_social_media_follow _builder_version=\u00bb4.9.3&#8243; _module_preset=\u00bbdefault\u00bb custom_margin=\u00bb19px|||||\u00bb custom_padding=\u00bb|||56px||\u00bb][et_pb_social_media_follow_network social_network=\u00bbfacebook\u00bb url=\u00bbhttps:\/\/www.facebook.com\/booksonline.es\/\u00bb _builder_version=\u00bb4.9.3&#8243; _module_preset=\u00bbdefault\u00bb background_color=\u00bb#3b5998&#8243; follow_button=\u00bboff\u00bb url_new_window=\u00bbon\u00bb]facebook[\/et_pb_social_media_follow_network][et_pb_social_media_follow_network social_network=\u00bbinstagram\u00bb url=\u00bbhttps:\/\/www.instagram.com\/booksonline.es\/\u00bb _builder_version=\u00bb4.9.3&#8243; _module_preset=\u00bbdefault\u00bb background_color=\u00bb#ea2c59&#8243; follow_button=\u00bboff\u00bb url_new_window=\u00bbon\u00bb]instagram[\/et_pb_social_media_follow_network][\/et_pb_social_media_follow][\/et_pb_column][et_pb_column type=\u00bb1_2&#8243; _builder_version=\u00bb4.9.3&#8243; _module_preset=\u00bbdefault\u00bb][et_pb_text _builder_version=\u00bb4.9.4&#8243; _module_preset=\u00bbdefault\u00bb text_font=\u00bb||||||||\u00bb text_text_color=\u00bb#68d800&#8243; text_font_size=\u00bb28px\u00bb text_line_height=\u00bb1.1em\u00bb header_4_font=\u00bbAbel||||||||\u00bb header_4_font_size=\u00bb54px\u00bb width=\u00bb100%\u00bb max_width=\u00bb100%\u00bb min_height=\u00bb57.6px\u00bb custom_margin=\u00bb-2px|||||\u00bb custom_padding=\u00bb10px||0px|37px||\u00bb]<\/p>\n<p><span style=\"font-size: xx-large; color: rgba(124, 218, 36, 0.5);\"><strong>INDEPENDENCIA<\/strong><\/span><\/p>\n<p>[\/et_pb_text][et_pb_text _builder_version=\u00bb4.9.3&#8243; _module_preset=\u00bbdefault\u00bb custom_padding=\u00bb22px||16px|38px||\u00bb]<\/p>\n<h1><span>\u00bfC\u00f3mo enfrentarse a quienes manejan el poder en las sombras?<\/span><\/h1>\n<p>[\/et_pb_text][et_pb_text _builder_version=\u00bb4.9.3&#8243; _module_preset=\u00bbdefault\u00bb width=\u00bb91.7%\u00bb custom_padding=\u00bb|||38px||\u00bb]<\/p>\n<div id=\"detpestanias\">\n<div id=\"tabsinopsis\">\n<p itemprop=\"description\" class=\"bodytext\" style=\"text-align: justify;\"><span>&#8216;Independencia&#8217;, la segunda entrega de las aventuras del mosso Melchor Mar\u00edn se sit\u00faa en un futuro pr\u00f3ximo, m\u00e1s o menos, a mediados de los a\u00f1os veinte del siglo XXI. En su \u00faltima novela javier Cercas viaja nos lleva a una Catalu\u00f1a futura sin covid&#8230; y sin &#8216;proc\u00e9s&#8217;, en un furioso alegato contra la tiran\u00eda de los due\u00f1os del dinero y los amos del mundo.<\/span><\/p>\n<p><span>\u00bfC\u00f3mo enfrentarse a quienes manejan el poder en las sombras? \u00bfC\u00f3mo vengarse de quienes m\u00e1s da\u00f1o te han hecho? Melchor Mari\u0301n es reclamado para investigar un caso vidrioso en Barcelona: esta\u0301n chantajeando con un vi\u0301deo sexual a la alcaldesa de la ciudad. Cargado con su pesar por no haber encontrado a los asesinos de su madre, pero tambie\u0301n con su inflexible sentido de la justicia y su rocosa integridad moral, Melchor debe desmontar una extorsio\u0301n que no se sabe si persigue el simple beneficio econo\u0301mico o la desestabilizacio\u0301n poli\u0301tica, y, para hacerlo, se adentra en los ci\u0301rculos del poder, un lugar donde reinan el cinismo, la ambicio\u0301n sin escru\u0301pulos y la brutalidad corrupta. Por ah\u00ed, esta novela absorbente y salvaje, poblada de una pl\u00e9yade de personajes memorables, se convierte en un retrato demoledor de la e\u0301lite poli\u0301tico-econo\u0301mica barcelonesa, pero sobre todo en un furioso alegato contra la tirani\u0301a de los duen\u0303os del dinero y los amos del mundo.<\/span><\/p>\n<p><span>Las comparaciones, huelga decirlo, son odiosas. Los libros de Cercas tiene una virtud esencial: suelen devorarse, y esto no es una excepci\u00f3n. El relato avanza solvente, no tanto por intriga y misterio, sino por eficacia en el uso de recursos, desde los abundantes di\u00e1logos, un constante toma y daca bien ali\u00f1ado de pol\u00edtica y secretismos, hasta la intercalaci\u00f3n de un interrogatorio con una pieza clave del caso de &#8216;sextorsi\u00f3n&#8217; a Virginia Oliver, alcaldesa de Barcelona, m\u00e1s bien conservadora tras un pasado populista en defensa de los migrantes y azote de reemplazo al independentismo durante su mandato.<\/span><\/p>\n<\/div>\n<\/div>\n<p>[\/et_pb_text][\/et_pb_column][\/et_pb_row][\/et_pb_section]<\/p>\n","protected":false},"excerpt":{"rendered":"<p>AUTOR: Javier Cercas ISBN: 978-84-9066-929-7 P\u00c1GINAS: 400 IDIOMA: Castellano INDEPENDENCIA\u00bfC\u00f3mo enfrentarse a quienes manejan el poder en las sombras? &#8216;Independencia&#8217;, la segunda entrega de las aventuras del mosso Melchor Mar\u00edn se sit\u00faa en un futuro pr\u00f3ximo, m\u00e1s o menos, a mediados de los a\u00f1os veinte del siglo XXI. En su \u00faltima novela javier Cercas viaja [&hellip;]<\/p>\n","protected":false},"author":1,"featured_media":8837,"comment_status":"open","ping_status":"open","sticky":false,"template":"","format":"standard","meta":{"_et_pb_use_builder":"on","_et_pb_old_content":"","_et_gb_content_width":"","footnotes":""},"categories":[285],"tags":[],"class_list":["post-8836","post","type-post","status-publish","format-standard","has-post-thumbnail","hentry","category-blog","et-has-post-format-content","et_post_format-et-post-format-standard"],"_links":{"self":[{"href":"https:\/\/v31.es\/booksonline\/wp-json\/wp\/v2\/posts\/8836","targetHints":{"allow":["GET"]}}],"collection":[{"href":"https:\/\/v31.es\/booksonline\/wp-json\/wp\/v2\/posts"}],"about":[{"href":"https:\/\/v31.es\/booksonline\/wp-json\/wp\/v2\/types\/post"}],"author":[{"embeddable":true,"href":"https:\/\/v31.es\/booksonline\/wp-json\/wp\/v2\/users\/1"}],"replies":[{"embeddable":true,"href":"https:\/\/v31.es\/booksonline\/wp-json\/wp\/v2\/comments?post=8836"}],"version-history":[{"count":4,"href":"https:\/\/v31.es\/booksonline\/wp-json\/wp\/v2\/posts\/8836\/revisions"}],"predecessor-version":[{"id":8844,"href":"https:\/\/v31.es\/booksonline\/wp-json\/wp\/v2\/posts\/8836\/revisions\/8844"}],"wp:featuredmedia":[{"embeddable":true,"href":"https:\/\/v31.es\/booksonline\/wp-json\/wp\/v2\/media\/8837"}],"wp:attachment":[{"href":"https:\/\/v31.es\/booksonline\/wp-json\/wp\/v2\/media?parent=8836"}],"wp:term":[{"taxonomy":"category","embeddable":true,"href":"https:\/\/v31.es\/booksonline\/wp-json\/wp\/v2\/categories?post=8836"},{"taxonomy":"post_tag","embeddable":true,"href":"https:\/\/v31.es\/booksonline\/wp-json\/wp\/v2\/tags?post=8836"}],"curies":[{"name":"wp","href":"https:\/\/api.w.org\/{rel}","templated":true}]}}