{"id":8891,"date":"2021-04-15T08:10:00","date_gmt":"2021-04-15T06:10:00","guid":{"rendered":"https:\/\/v31.es\/booksonline\/?p=8891"},"modified":"2021-04-22T08:34:02","modified_gmt":"2021-04-22T06:34:02","slug":"la-traicion-progresista","status":"publish","type":"post","link":"https:\/\/v31.es\/booksonline\/2021\/04\/15\/la-traicion-progresista\/","title":{"rendered":"LA TRAICI\u00d3N PROGRESISTA"},"content":{"rendered":"<p>[et_pb_section fb_built=\u00bb1&#8243; _builder_version=\u00bb4.9.3&#8243; _module_preset=\u00bbdefault\u00bb custom_padding=\u00bb34px|||||\u00bb][et_pb_row column_structure=\u00bb1_2,1_2&#8243; _builder_version=\u00bb4.9.3&#8243; _module_preset=\u00bbdefault\u00bb width=\u00bb100%\u00bb max_width=\u00bb959px\u00bb height=\u00bb1000px\u00bb max_height=\u00bb1000px\u00bb][et_pb_column type=\u00bb1_2&#8243; _builder_version=\u00bb4.9.3&#8243; _module_preset=\u00bbdefault\u00bb][et_pb_image src=\u00bbhttps:\/\/v31.es\/booksonline\/wp-content\/uploads\/2021\/04\/La_traicion_progresista.jpg\u00bb alt=\u00bbla traici\u00f3n progresista\u00bb title_text=\u00bbLa_traicion_progresista\u00bb _builder_version=\u00bb4.9.4&#8243; _module_preset=\u00bbdefault\u00bb custom_padding=\u00bb|0px|36px|||\u00bb hover_enabled=\u00bb0&#8243; sticky_enabled=\u00bb0&#8243;][\/et_pb_image][et_pb_text _builder_version=\u00bb4.9.3&#8243; _module_preset=\u00bbdefault\u00bb text_line_height=\u00bb1em\u00bb custom_margin=\u00bb|21px||58px||\u00bb custom_padding=\u00bb|60px||||\u00bb]<\/p>\n<table class=\"woocommerce-product-attributes shop_attributes\">\n<tbody>\n<tr class=\"woocommerce-product-attributes-item woocommerce-product-attributes-item--attribute_autor\">\n<th class=\"woocommerce-product-attributes-item__label\">AUTOR:<\/th>\n<td class=\"woocommerce-product-attributes-item__value\">\n<p>Alejo Schapire<\/p>\n<\/td>\n<\/tr>\n<tr class=\"woocommerce-product-attributes-item woocommerce-product-attributes-item--attribute_isbn\">\n<th class=\"woocommerce-product-attributes-item__label\">ISBN:<\/th>\n<td class=\"woocommerce-product-attributes-item__value\">\n<p><span>978-84-9942-974-8<\/span><\/p>\n<\/td>\n<\/tr>\n<tr class=\"woocommerce-product-attributes-item woocommerce-product-attributes-item--attribute_p%c3%a1ginas\">\n<th class=\"woocommerce-product-attributes-item__label\">P\u00c1GINAS:<\/th>\n<td class=\"woocommerce-product-attributes-item__value\">\n<p>216<\/p>\n<\/td>\n<\/tr>\n<tr class=\"woocommerce-product-attributes-item woocommerce-product-attributes-item--attribute_idioma\">\n<th class=\"woocommerce-product-attributes-item__label\">IDIOMA:<\/th>\n<td class=\"woocommerce-product-attributes-item__value\">\n<p>Castellano<\/p>\n<\/td>\n<\/tr>\n<\/tbody>\n<\/table>\n<table class=\"woocommerce-product-attributes shop_attributes\" width=\"317\" height=\"214\"><\/table>\n<p><a href=\"https:\/\/www.booksonline.es\/es\/coleccion\/novela\" title=\"Art\u00edculos de la colecci\u00f3n\"><\/a><\/p>\n<p>[\/et_pb_text][et_pb_wc_add_to_cart _builder_version=\u00bb4.9.4&#8243; _module_preset=\u00bbdefault\u00bb body_text_color=\u00bb#7CDA24&#8243; custom_button=\u00bbon\u00bb button_bg_color=\u00bb#7CDA24&#8243; button_icon=\u00bb%%114%%\u00bb button_icon_color=\u00bb#FFFFFF\u00bb transform_translate=\u00bb0px|5px\u00bb custom_margin=\u00bb-236px|||-2px||\u00bb custom_padding=\u00bb|||0px||\u00bb link_option_url_new_window=\u00bbon\u00bb border_radii=\u00bbon|20px|20px|20px|20px\u00bb box_shadow_style_button=\u00bbpreset6&#8243; link_option_url=\u00bbhttps:\/\/www.booksonline.es\/es\/libros\/la-traicion-progresista_INT0000185&#8243; hover_enabled=\u00bb0&#8243; sticky_enabled=\u00bb0&#8243;][\/et_pb_wc_add_to_cart][et_pb_social_media_follow _builder_version=\u00bb4.9.3&#8243; _module_preset=\u00bbdefault\u00bb custom_margin=\u00bb19px|||||\u00bb custom_padding=\u00bb|||56px||\u00bb][et_pb_social_media_follow_network social_network=\u00bbfacebook\u00bb url=\u00bbhttps:\/\/www.facebook.com\/booksonline.es\/\u00bb _builder_version=\u00bb4.9.3&#8243; _module_preset=\u00bbdefault\u00bb background_color=\u00bb#3b5998&#8243; follow_button=\u00bboff\u00bb url_new_window=\u00bbon\u00bb]facebook[\/et_pb_social_media_follow_network][et_pb_social_media_follow_network social_network=\u00bbinstagram\u00bb url=\u00bbhttps:\/\/www.instagram.com\/booksonline.es\/\u00bb _builder_version=\u00bb4.9.3&#8243; _module_preset=\u00bbdefault\u00bb background_color=\u00bb#ea2c59&#8243; follow_button=\u00bboff\u00bb url_new_window=\u00bbon\u00bb]instagram[\/et_pb_social_media_follow_network][\/et_pb_social_media_follow][\/et_pb_column][et_pb_column type=\u00bb1_2&#8243; _builder_version=\u00bb4.9.3&#8243; _module_preset=\u00bbdefault\u00bb][et_pb_text _builder_version=\u00bb4.9.4&#8243; _module_preset=\u00bbdefault\u00bb text_font=\u00bb||||||||\u00bb text_text_color=\u00bb#68d800&#8243; text_font_size=\u00bb28px\u00bb text_line_height=\u00bb1.1em\u00bb header_4_font=\u00bbAbel||||||||\u00bb header_4_font_size=\u00bb54px\u00bb width=\u00bb100%\u00bb max_width=\u00bb100%\u00bb min_height=\u00bb100.6px\u00bb custom_margin=\u00bb-2px|||||\u00bb custom_padding=\u00bb10px||0px|37px||\u00bb]<\/p>\n<p><span style=\"font-size: xx-large; color: rgba(124, 218, 36, 0.5);\"><strong>LA TRADICI\u00d3N PROGRESISTA<\/strong><\/span><\/p>\n<p>[\/et_pb_text][et_pb_text _builder_version=\u00bb4.9.4&#8243; _module_preset=\u00bbdefault\u00bb custom_padding=\u00bb22px||16px|38px||\u00bb hover_enabled=\u00bb0&#8243; sticky_enabled=\u00bb0&#8243; min_height=\u00bb78.7px\u00bb]<\/p>\n<h1><span>El an\u00e1lisis de la situaci\u00f3n actual<\/span><\/h1>\n<p>[\/et_pb_text][et_pb_text _builder_version=\u00bb4.9.3&#8243; _module_preset=\u00bbdefault\u00bb width=\u00bb91.7%\u00bb custom_padding=\u00bb|||38px||\u00bb]<\/p>\n<div id=\"detpestanias\">\n<div id=\"tabsinopsis\">\n<p itemprop=\"description\" class=\"bodytext\" style=\"text-align: justify;\"><span>Alejo Schapire es un periodista argentino de 42 a\u00f1os de edad que vive en Francia desde hace m\u00e1s de 25 a\u00f1os. All\u00ed, ha presenciado los grandes acontecimientos del siglo y ha comprobado \u00abuna transformaci\u00f3n\u00bb que, seg\u00fan explica, han protagonizado los grandes exponentes de la autodenominada \u00abizquierda progresista\u00bb. Desde hace unas d\u00e9cadas, el discurso dominante de las \u00e9lites culturales de Occidente ha convertido los movimientos que anta\u00f1o lucharon por conquistar libertades y derechos en cruzadas moralistas destinadas a acabar con la libertad de expresi\u00f3n. Por eso, ha escrito La traici\u00f3n progresista un ensayo en el que aborda los grandes cimientos de ese nuevo paradigma: \u00abEstas p\u00e1ginas son para quienes han comprobado azorados c\u00f3mo una izquierda que hasta ayer luchaba por la libertad de expresi\u00f3n en Occidente hoy justifica la censura en nombre de no ofender; esa que ayer com\u00eda curas y hoy se al\u00eda con el oscurantismo religioso en detrimento del laicismo para oprimir a la mujer y a los homosexuales; esa que a la liberaci\u00f3n sexual responde con un nuevo puritanismo, que de la lucha contra el racismo ha pasado a alimentar y a minimizar su forma m\u00e1s letal en las calles y en los templos de Europa y de las Am\u00e9ricas: el antisemitismo\u00bb.<div class='et-learn-more clearfix'>\n\t\t\t\t\t<h3 class='heading-more'>leer m\u00e1s<span class='et_learnmore_arrow'><span><\/span><\/span><\/h3>\n\t\t\t\t\t<div class='learn-more-content'><\/span><span style=\"text-align: left;\">El autor intenta comprender las razones, los mecanismos y las consecuencias encerrados en esta traici\u00f3n. El libro tiene la lucidez y la valent\u00eda para descubrir y se\u00f1alar los desv\u00edos de esta izquierda en un ensayo documentado y audaz. El an\u00e1lisis de la situaci\u00f3n actual alerta sobre la tentaci\u00f3n totalitaria y el relativismo cultural que acechan desde el progresismo biempensante, pero que tambi\u00e9n tienen su correlato en el auge del populismo nacionalista y de extrema derecha.<\/span><\/p>\n<p><span>Un libro imprescindible que traspone r\u00f3tulos y categor\u00edas en el intento de defender las ideas de manera coherente, sin traiciones y denuncia el camino emprendido hacia un determinismo de manual.<\/div>\n\t\t\t\t<\/div><\/span><\/p>\n<\/div>\n<\/div>\n<p>[\/et_pb_text][\/et_pb_column][\/et_pb_row][\/et_pb_section]<\/p>\n","protected":false},"excerpt":{"rendered":"<p>AUTOR: Alejo Schapire ISBN: 978-84-9942-974-8 P\u00c1GINAS: 216 IDIOMA: Castellano LA TRADICI\u00d3N PROGRESISTAEl an\u00e1lisis de la situaci\u00f3n actual Alejo Schapire es un periodista argentino de 42 a\u00f1os de edad que vive en Francia desde hace m\u00e1s de 25 a\u00f1os. All\u00ed, ha presenciado los grandes acontecimientos del siglo y ha comprobado \u00abuna transformaci\u00f3n\u00bb que, seg\u00fan explica, han [&hellip;]<\/p>\n","protected":false},"author":1,"featured_media":8892,"comment_status":"open","ping_status":"open","sticky":false,"template":"","format":"standard","meta":{"_et_pb_use_builder":"on","_et_pb_old_content":"","_et_gb_content_width":"","footnotes":""},"categories":[285],"tags":[],"class_list":["post-8891","post","type-post","status-publish","format-standard","has-post-thumbnail","hentry","category-blog","et-has-post-format-content","et_post_format-et-post-format-standard"],"_links":{"self":[{"href":"https:\/\/v31.es\/booksonline\/wp-json\/wp\/v2\/posts\/8891","targetHints":{"allow":["GET"]}}],"collection":[{"href":"https:\/\/v31.es\/booksonline\/wp-json\/wp\/v2\/posts"}],"about":[{"href":"https:\/\/v31.es\/booksonline\/wp-json\/wp\/v2\/types\/post"}],"author":[{"embeddable":true,"href":"https:\/\/v31.es\/booksonline\/wp-json\/wp\/v2\/users\/1"}],"replies":[{"embeddable":true,"href":"https:\/\/v31.es\/booksonline\/wp-json\/wp\/v2\/comments?post=8891"}],"version-history":[{"count":4,"href":"https:\/\/v31.es\/booksonline\/wp-json\/wp\/v2\/posts\/8891\/revisions"}],"predecessor-version":[{"id":8899,"href":"https:\/\/v31.es\/booksonline\/wp-json\/wp\/v2\/posts\/8891\/revisions\/8899"}],"wp:featuredmedia":[{"embeddable":true,"href":"https:\/\/v31.es\/booksonline\/wp-json\/wp\/v2\/media\/8892"}],"wp:attachment":[{"href":"https:\/\/v31.es\/booksonline\/wp-json\/wp\/v2\/media?parent=8891"}],"wp:term":[{"taxonomy":"category","embeddable":true,"href":"https:\/\/v31.es\/booksonline\/wp-json\/wp\/v2\/categories?post=8891"},{"taxonomy":"post_tag","embeddable":true,"href":"https:\/\/v31.es\/booksonline\/wp-json\/wp\/v2\/tags?post=8891"}],"curies":[{"name":"wp","href":"https:\/\/api.w.org\/{rel}","templated":true}]}}