{"id":8929,"date":"2021-04-01T09:46:00","date_gmt":"2021-04-01T07:46:00","guid":{"rendered":"https:\/\/v31.es\/booksonline\/?p=8929"},"modified":"2021-04-22T10:15:19","modified_gmt":"2021-04-22T08:15:19","slug":"la-vida-contada-por-un-sapiens-a-un-neandertal","status":"publish","type":"post","link":"https:\/\/v31.es\/booksonline\/2021\/04\/01\/la-vida-contada-por-un-sapiens-a-un-neandertal\/","title":{"rendered":"La vida contada por un sapiens a un neandertal"},"content":{"rendered":"<p>[et_pb_section fb_built=\u00bb1&#8243; _builder_version=\u00bb4.9.3&#8243; _module_preset=\u00bbdefault\u00bb custom_padding=\u00bb34px|||||\u00bb][et_pb_row column_structure=\u00bb1_2,1_2&#8243; _builder_version=\u00bb4.9.3&#8243; _module_preset=\u00bbdefault\u00bb width=\u00bb100%\u00bb max_width=\u00bb959px\u00bb height=\u00bb1000px\u00bb max_height=\u00bb1000px\u00bb][et_pb_column type=\u00bb1_2&#8243; _builder_version=\u00bb4.9.3&#8243; _module_preset=\u00bbdefault\u00bb][et_pb_image src=\u00bbhttps:\/\/v31.es\/booksonline\/wp-content\/uploads\/2021\/04\/La_vida_contada_por_un_sapiens_a_un_neandertal.jpg\u00bb alt=\u00bbLa vida contada por un sapiens a un neandertal\u00bb title_text=\u00bbLa_vida_contada_por_un_sapiens_a_un_neandertal\u00bb _builder_version=\u00bb4.9.4&#8243; _module_preset=\u00bbdefault\u00bb custom_padding=\u00bb|0px|36px|||\u00bb hover_enabled=\u00bb0&#8243; sticky_enabled=\u00bb0&#8243;][\/et_pb_image][et_pb_text _builder_version=\u00bb4.9.3&#8243; _module_preset=\u00bbdefault\u00bb text_line_height=\u00bb1em\u00bb custom_margin=\u00bb|-6px||58px||\u00bb custom_padding=\u00bb|0px||||\u00bb]<\/p>\n<table class=\"woocommerce-product-attributes shop_attributes\" width=\"365\" height=\"166\">\n<tbody>\n<tr class=\"woocommerce-product-attributes-item woocommerce-product-attributes-item--attribute_autor\">\n<th class=\"woocommerce-product-attributes-item__label\" style=\"width: 177.333px;\">AUTOR:<\/th>\n<td class=\"woocommerce-product-attributes-item__value\" style=\"width: 173.333px;\">\n<p>Juan J. Mill\u00e1s &#8211; Juan L. Arsuaga<\/p>\n<\/td>\n<\/tr>\n<tr class=\"woocommerce-product-attributes-item woocommerce-product-attributes-item--attribute_isbn\">\n<th class=\"woocommerce-product-attributes-item__label\" style=\"width: 177.333px;\">ISBN:<\/th>\n<td class=\"woocommerce-product-attributes-item__value\" style=\"width: 173.333px;\">\n<p><span>978-84-204-3965-5<\/span><\/p>\n<\/td>\n<\/tr>\n<tr class=\"woocommerce-product-attributes-item woocommerce-product-attributes-item--attribute_p%c3%a1ginas\">\n<th class=\"woocommerce-product-attributes-item__label\" style=\"width: 177.333px;\">P\u00c1GINAS:<\/th>\n<td class=\"woocommerce-product-attributes-item__value\" style=\"width: 173.333px;\">\n<p>224<\/p>\n<\/td>\n<\/tr>\n<tr class=\"woocommerce-product-attributes-item woocommerce-product-attributes-item--attribute_idioma\">\n<th class=\"woocommerce-product-attributes-item__label\" style=\"width: 177.333px;\">IDIOMA:<\/th>\n<td class=\"woocommerce-product-attributes-item__value\" style=\"width: 173.333px;\">\n<p>Castellano<\/p>\n<\/td>\n<\/tr>\n<\/tbody>\n<\/table>\n<table class=\"woocommerce-product-attributes shop_attributes\" width=\"317\" height=\"214\"><\/table>\n<p><a href=\"https:\/\/www.booksonline.es\/es\/coleccion\/novela\" title=\"Art\u00edculos de la colecci\u00f3n\"><\/a><\/p>\n<p>[\/et_pb_text][et_pb_wc_add_to_cart _builder_version=\u00bb4.9.4&#8243; _module_preset=\u00bbdefault\u00bb body_text_color=\u00bb#7CDA24&#8243; custom_button=\u00bbon\u00bb button_bg_color=\u00bb#7CDA24&#8243; button_use_icon=\u00bboff\u00bb transform_translate=\u00bb0px|5px\u00bb custom_margin=\u00bb-236px|||-2px||\u00bb custom_padding=\u00bb|||0px||\u00bb link_option_url_new_window=\u00bbon\u00bb border_radii=\u00bbon|20px|20px|20px|20px\u00bb box_shadow_style_button=\u00bbpreset6&#8243;][\/et_pb_wc_add_to_cart][et_pb_social_media_follow _builder_version=\u00bb4.9.3&#8243; _module_preset=\u00bbdefault\u00bb custom_margin=\u00bb19px|||||\u00bb custom_padding=\u00bb|||56px||\u00bb][et_pb_social_media_follow_network social_network=\u00bbfacebook\u00bb url=\u00bbhttps:\/\/www.facebook.com\/booksonline.es\/\u00bb _builder_version=\u00bb4.9.3&#8243; _module_preset=\u00bbdefault\u00bb background_color=\u00bb#3b5998&#8243; follow_button=\u00bboff\u00bb url_new_window=\u00bbon\u00bb]facebook[\/et_pb_social_media_follow_network][et_pb_social_media_follow_network social_network=\u00bbinstagram\u00bb url=\u00bbhttps:\/\/www.instagram.com\/booksonline.es\/\u00bb _builder_version=\u00bb4.9.3&#8243; _module_preset=\u00bbdefault\u00bb background_color=\u00bb#ea2c59&#8243; follow_button=\u00bboff\u00bb url_new_window=\u00bbon\u00bb]instagram[\/et_pb_social_media_follow_network][\/et_pb_social_media_follow][\/et_pb_column][et_pb_column type=\u00bb1_2&#8243; _builder_version=\u00bb4.9.3&#8243; _module_preset=\u00bbdefault\u00bb][et_pb_text _builder_version=\u00bb4.9.4&#8243; _module_preset=\u00bbdefault\u00bb text_font=\u00bb||||||||\u00bb text_text_color=\u00bb#68d800&#8243; text_font_size=\u00bb28px\u00bb text_line_height=\u00bb1.1em\u00bb header_4_font=\u00bbAbel||||||||\u00bb header_4_font_size=\u00bb54px\u00bb width=\u00bb100%\u00bb max_width=\u00bb100%\u00bb min_height=\u00bb100.6px\u00bb custom_margin=\u00bb-2px|||||\u00bb custom_padding=\u00bb10px||0px|37px||\u00bb]<\/p>\n<p><span style=\"font-size: xx-large; color: #7cda24;\"><strong>LA VIDA CONTADA POR UN SAPIENS A UN NEANDERTAL<\/strong><\/span><\/p>\n<p>[\/et_pb_text][et_pb_text _builder_version=\u00bb4.9.4&#8243; _module_preset=\u00bbdefault\u00bb height=\u00bb712px\u00bb max_height=\u00bb1000px\u00bb custom_margin=\u00bb||-638px|||\u00bb custom_padding=\u00bb22px||0px|38px||\u00bb]<\/p>\n<h1><strong><span style=\"font-size: medium;\">FASCINANTE VIAJE POR LA EXISTENCIA<\/span><\/strong><\/h1>\n<p>[\/et_pb_text][et_pb_text _builder_version=\u00bb4.9.3&#8243; _module_preset=\u00bbdefault\u00bb width=\u00bb91.7%\u00bb custom_padding=\u00bb|||38px||\u00bb]<\/p>\n<div id=\"detpestanias\">\n<div id=\"tabsinopsis\">\n<p itemprop=\"description\" class=\"bodytext\" style=\"text-align: justify;\"><span>Estamos ante un libro que ya lleva seis meses en las listas de los 10 m\u00e1s vendidos y al que todav\u00eda le queda mucho recorrido. No es para menos, estamos ante la uni\u00f3n del ingenio de Mill\u00e1s con la sabidur\u00eda de Arsuaga para contar la vida como la mejor de las historias. El resultado una maravilla. Un libro lleno de humor y de bondad. S\u00ed, bondad. Un libro que busca entender el misterio de la vida y que recomendaras a los amigos una vez lo hayas le\u00eddo.<\/span><\/p>\n<p><span>\u00ab-T\u00fa y yo podr\u00edamos asociarnos para hablar de la vida; levantar\u00edamos un gran relato sobre la existencia. \u00bfLo hacemos? -dijo el escritor.<\/span><br \/><span>-Lo hacemos -contest\u00f3 el paleont\u00f3logo.\u00bb<\/span><\/p>\n<p><span>Hace a\u00f1os que el inter\u00e9s por entender la vida, sus or\u00edgenes y su evoluci\u00f3n resuena en la cabeza de Juan Jos\u00e9 Mill\u00e1s, de manera que se dispuso a conocer, junto a uno de los mayores especialistas de este pa\u00eds en la materia, Juan Luis Arsuaga, por qu\u00e9 somos como somos y qu\u00e9 nos ha llevado hasta donde estamos. La sabidur\u00eda del paleont\u00f3logo se combina en este libro con el ingenio y la mirada personal y sorprendente que tiene el escritor sobre la realidad. Porque Mill\u00e1s es un neandertal (o eso dice), y Arsuaga, a sus ojos, un sapiens.<\/span><br \/><span>As\u00ed, a lo largo de muchos meses, los dos visitaron distintos lugares, muchos de ellos escenarios comunes de nuestra vida cotidiana, y otros, emplazamientos \u00fanicos donde todav\u00eda se pueden ver los vestigios de lo que fuimos, del lugar del que venimos.<\/span><\/p>\n<p><span>Un fascinante viaje por la existencia humana, donde el humor pilota la nave. Una obra que se engulle r\u00e1pido en una primera lectura, pero requiere tiempo para su posterior digesti\u00f3n y m\u00e1s a\u00fan para un aprovechamiento completo de todos los nutrientes intelectuales que contiene. Uno de esos libros que rompen la aton\u00eda del mercado editorial.<\/span><\/p>\n<\/div>\n<\/div>\n<p>[\/et_pb_text][\/et_pb_column][\/et_pb_row][\/et_pb_section]<\/p>\n","protected":false},"excerpt":{"rendered":"<p>AUTOR: Juan J. Mill\u00e1s &#8211; Juan L. Arsuaga ISBN: 978-84-204-3965-5 P\u00c1GINAS: 224 IDIOMA: Castellano LA VIDA CONTADA POR UN SAPIENS A UN NEANDERTALFASCINANTE VIAJE POR LA EXISTENCIA Estamos ante un libro que ya lleva seis meses en las listas de los 10 m\u00e1s vendidos y al que todav\u00eda le queda mucho recorrido. No es para [&hellip;]<\/p>\n","protected":false},"author":1,"featured_media":8930,"comment_status":"open","ping_status":"open","sticky":false,"template":"","format":"standard","meta":{"_et_pb_use_builder":"on","_et_pb_old_content":"","_et_gb_content_width":"","footnotes":""},"categories":[285],"tags":[],"class_list":["post-8929","post","type-post","status-publish","format-standard","has-post-thumbnail","hentry","category-blog","et-has-post-format-content","et_post_format-et-post-format-standard"],"_links":{"self":[{"href":"https:\/\/v31.es\/booksonline\/wp-json\/wp\/v2\/posts\/8929","targetHints":{"allow":["GET"]}}],"collection":[{"href":"https:\/\/v31.es\/booksonline\/wp-json\/wp\/v2\/posts"}],"about":[{"href":"https:\/\/v31.es\/booksonline\/wp-json\/wp\/v2\/types\/post"}],"author":[{"embeddable":true,"href":"https:\/\/v31.es\/booksonline\/wp-json\/wp\/v2\/users\/1"}],"replies":[{"embeddable":true,"href":"https:\/\/v31.es\/booksonline\/wp-json\/wp\/v2\/comments?post=8929"}],"version-history":[{"count":4,"href":"https:\/\/v31.es\/booksonline\/wp-json\/wp\/v2\/posts\/8929\/revisions"}],"predecessor-version":[{"id":8936,"href":"https:\/\/v31.es\/booksonline\/wp-json\/wp\/v2\/posts\/8929\/revisions\/8936"}],"wp:featuredmedia":[{"embeddable":true,"href":"https:\/\/v31.es\/booksonline\/wp-json\/wp\/v2\/media\/8930"}],"wp:attachment":[{"href":"https:\/\/v31.es\/booksonline\/wp-json\/wp\/v2\/media?parent=8929"}],"wp:term":[{"taxonomy":"category","embeddable":true,"href":"https:\/\/v31.es\/booksonline\/wp-json\/wp\/v2\/categories?post=8929"},{"taxonomy":"post_tag","embeddable":true,"href":"https:\/\/v31.es\/booksonline\/wp-json\/wp\/v2\/tags?post=8929"}],"curies":[{"name":"wp","href":"https:\/\/api.w.org\/{rel}","templated":true}]}}