{"id":8940,"date":"2021-03-30T11:29:00","date_gmt":"2021-03-30T09:29:00","guid":{"rendered":"https:\/\/v31.es\/booksonline\/?p=8940"},"modified":"2021-04-22T11:38:19","modified_gmt":"2021-04-22T09:38:19","slug":"la-amistad-evanescente","status":"publish","type":"post","link":"https:\/\/v31.es\/booksonline\/2021\/03\/30\/la-amistad-evanescente\/","title":{"rendered":"La Amistad Evanescente"},"content":{"rendered":"<p>[et_pb_section fb_built=\u00bb1&#8243; _builder_version=\u00bb4.9.3&#8243; _module_preset=\u00bbdefault\u00bb custom_padding=\u00bb34px|||||\u00bb][et_pb_row column_structure=\u00bb1_2,1_2&#8243; _builder_version=\u00bb4.9.3&#8243; _module_preset=\u00bbdefault\u00bb width=\u00bb100%\u00bb max_width=\u00bb959px\u00bb height=\u00bb1000px\u00bb max_height=\u00bb1000px\u00bb][et_pb_column type=\u00bb1_2&#8243; _builder_version=\u00bb4.9.3&#8243; _module_preset=\u00bbdefault\u00bb][et_pb_image src=\u00bbhttps:\/\/v31.es\/booksonline\/wp-content\/uploads\/2021\/04\/La_amistad_evanescente.jpg\u00bb alt=\u00bbUna habitaci\u00f3n propia con wifi\u00bb title_text=\u00bbLa_amistad_evanescente\u00bb _builder_version=\u00bb4.9.4&#8243; _module_preset=\u00bbdefault\u00bb custom_padding=\u00bb|0px|36px|||\u00bb hover_enabled=\u00bb0&#8243; sticky_enabled=\u00bb0&#8243;][\/et_pb_image][et_pb_text _builder_version=\u00bb4.9.3&#8243; _module_preset=\u00bbdefault\u00bb text_line_height=\u00bb1em\u00bb custom_margin=\u00bb|21px||58px||\u00bb custom_padding=\u00bb|60px||||\u00bb]<\/p>\n<table class=\"woocommerce-product-attributes shop_attributes\">\n<tbody>\n<tr class=\"woocommerce-product-attributes-item woocommerce-product-attributes-item--attribute_autor\">\n<th class=\"woocommerce-product-attributes-item__label\">AUTOR:<\/th>\n<td class=\"woocommerce-product-attributes-item__value\">\n<p>Brit Bennett<\/p>\n<\/td>\n<\/tr>\n<tr class=\"woocommerce-product-attributes-item woocommerce-product-attributes-item--attribute_isbn\">\n<th class=\"woocommerce-product-attributes-item__label\">ISBN:<\/th>\n<td class=\"woocommerce-product-attributes-item__value\">\n<p><span>978-84-397-3864-0<\/span><\/p>\n<\/td>\n<\/tr>\n<tr class=\"woocommerce-product-attributes-item woocommerce-product-attributes-item--attribute_p%c3%a1ginas\">\n<th class=\"woocommerce-product-attributes-item__label\">P\u00c1GINAS:<\/th>\n<td class=\"woocommerce-product-attributes-item__value\">\n<p>352<\/p>\n<\/td>\n<\/tr>\n<tr class=\"woocommerce-product-attributes-item woocommerce-product-attributes-item--attribute_idioma\">\n<th class=\"woocommerce-product-attributes-item__label\">IDIOMA:<\/th>\n<td class=\"woocommerce-product-attributes-item__value\">\n<p>Castellano<\/p>\n<\/td>\n<\/tr>\n<\/tbody>\n<\/table>\n<table class=\"woocommerce-product-attributes shop_attributes\" width=\"317\" height=\"214\"><\/table>\n<p><a href=\"https:\/\/www.booksonline.es\/es\/coleccion\/novela\" title=\"Art\u00edculos de la colecci\u00f3n\"><\/a><\/p>\n<p>[\/et_pb_text][et_pb_wc_add_to_cart _builder_version=\u00bb4.9.4&#8243; _module_preset=\u00bbdefault\u00bb body_text_color=\u00bb#7CDA24&#8243; custom_button=\u00bbon\u00bb button_bg_color=\u00bb#7CDA24&#8243; button_use_icon=\u00bboff\u00bb transform_translate=\u00bb0px|5px\u00bb custom_margin=\u00bb-236px|||-2px||\u00bb custom_padding=\u00bb|||0px||\u00bb link_option_url_new_window=\u00bbon\u00bb hover_enabled=\u00bb0&#8243; border_radii=\u00bbon|20px|20px|20px|20px\u00bb box_shadow_style_button=\u00bbpreset6&#8243; link_option_url=\u00bbhttps:\/\/www.booksonline.es\/es\/libros\/la-mitad-evanescente_0010291722&#8243; sticky_enabled=\u00bb0&#8243;][\/et_pb_wc_add_to_cart][et_pb_social_media_follow _builder_version=\u00bb4.9.3&#8243; _module_preset=\u00bbdefault\u00bb custom_margin=\u00bb19px|||||\u00bb custom_padding=\u00bb|||56px||\u00bb][et_pb_social_media_follow_network social_network=\u00bbfacebook\u00bb url=\u00bbhttps:\/\/www.facebook.com\/booksonline.es\/\u00bb _builder_version=\u00bb4.9.3&#8243; _module_preset=\u00bbdefault\u00bb background_color=\u00bb#3b5998&#8243; follow_button=\u00bboff\u00bb url_new_window=\u00bbon\u00bb]facebook[\/et_pb_social_media_follow_network][et_pb_social_media_follow_network social_network=\u00bbinstagram\u00bb url=\u00bbhttps:\/\/www.instagram.com\/booksonline.es\/\u00bb _builder_version=\u00bb4.9.3&#8243; _module_preset=\u00bbdefault\u00bb background_color=\u00bb#ea2c59&#8243; follow_button=\u00bboff\u00bb url_new_window=\u00bbon\u00bb]instagram[\/et_pb_social_media_follow_network][\/et_pb_social_media_follow][\/et_pb_column][et_pb_column type=\u00bb1_2&#8243; _builder_version=\u00bb4.9.3&#8243; _module_preset=\u00bbdefault\u00bb][et_pb_text _builder_version=\u00bb4.9.4&#8243; _module_preset=\u00bbdefault\u00bb text_font=\u00bb||||||||\u00bb text_text_color=\u00bb#68d800&#8243; text_font_size=\u00bb28px\u00bb text_line_height=\u00bb1.1em\u00bb header_4_font=\u00bbAbel||||||||\u00bb header_4_font_size=\u00bb54px\u00bb width=\u00bb100%\u00bb max_width=\u00bb100%\u00bb min_height=\u00bb100.6px\u00bb custom_margin=\u00bb-2px|||||\u00bb custom_padding=\u00bb10px||0px|37px||\u00bb]<\/p>\n<p><span style=\"font-size: xx-large; color: #7cda24;\"><strong>LA MITAD EVANESCENTE<\/strong><\/span><\/p>\n<p>[\/et_pb_text][et_pb_text _builder_version=\u00bb4.9.4&#8243; _module_preset=\u00bbdefault\u00bb height=\u00bb712px\u00bb max_height=\u00bb1000px\u00bb custom_margin=\u00bb-42px||-638px|||\u00bb custom_padding=\u00bb0px||0px|38px||\u00bb]<\/p>\n<h1><strong><span style=\"font-size: medium;\">Las inseparables gemelas<\/span><\/strong><\/h1>\n<p>[\/et_pb_text][et_pb_text _builder_version=\u00bb4.9.3&#8243; _module_preset=\u00bbdefault\u00bb width=\u00bb91.7%\u00bb custom_padding=\u00bb|||38px||\u00bb]<\/p>\n<div id=\"detpestanias\">\n<div id=\"tabsinopsis\">\n<p itemprop=\"description\" class=\"bodytext\" style=\"text-align: justify;\"><span>N\u00famero uno en la lista de betsellers de The New York Times, Nominada al National Book Award 2020 y al Women\u2019s Prize for Fiction 2021. N\u00famero uno en la lista de literatura Indie. Entre los mejores libros del 2020 seg\u00fan The Washington Post, NPR, People, Time Magazine y Vanity Fair. \u00abUna reflexi\u00f3n AMBICIOSA sobre la RAZA y la IDENTIDAD.\u00bb<\/span><\/p>\n<p><span>Generaci\u00f3n tras generaci\u00f3n, la comunidad negra del pueblo de Mallard, en Luisiana, ha intentado aclarar el tono de su piel favoreciendo los matrimonios mixtos. Las inseparables gemelas Desir\u00e9e y Stella Vignes, con su color n\u00edveo, sus ojos casta\u00f1os y su cabello ondulado, son un buen ejemplo de ello. Tan distintas y tan iguales, decidieron huir juntas del diminuto pueblo creyendo que tambi\u00e9n podr\u00edan escapar de su sangre. A\u00f1os despu\u00e9s y ante la mirada at\u00f3nita de todos, Desire\u00e9 regresa acompa\u00f1ada de una ni\u00f1a negra como el carb\u00f3n. Hace tiempo que no sabe nada de Stella, despu\u00e9s de que decidiera desaparecer y renunciar definitivamente a sus or\u00edgenes para vivir otra vida como mujer de raza blanca.<\/span><\/p>\n<p><span>Su autora, Brit Bennett, es una de las grandes revelaciones de la literatura afroamericana de los \u00faltimos tiempos. 31 a\u00f1os, estadounidense radicada en Los \u00c1ngeles. Licenciada en Stanford, se dio una vuelta por la universidad de Michingan para Master en Bellas Artes y tambi\u00e9n estudio en Oxford. Con varios libros publicados esta vez a conseguido \u00abUna historia atemporal sobre lo que significa simplemente ser, crecer y definirse y reinventar, para negociar un lugar en el mundo. Tambi\u00e9n es una profundahistoria norteamericana, comprometida con el pasado y el presente racista de un pa\u00eds de una manera rigurosa, mientras se interroga sobre sus valores fundacionales, como la herencia y la libertad. Es una lograda y conmovedora novela v\u00e1lida en cualquier \u00e9poca. En el momento actual, es punzante, dirigiendo sutilmente el relato hacia cuestiones sobre qui\u00e9nes somos y qui\u00e9nes queremos ser.\u00bb<\/span><\/p>\n<\/div>\n<\/div>\n<p>[\/et_pb_text][\/et_pb_column][\/et_pb_row][\/et_pb_section]<\/p>\n","protected":false},"excerpt":{"rendered":"<p>AUTOR: Brit Bennett ISBN: 978-84-397-3864-0 P\u00c1GINAS: 352 IDIOMA: Castellano LA MITAD EVANESCENTELas inseparables gemelas N\u00famero uno en la lista de betsellers de The New York Times, Nominada al National Book Award 2020 y al Women\u2019s Prize for Fiction 2021. N\u00famero uno en la lista de literatura Indie. Entre los mejores libros del 2020 seg\u00fan The [&hellip;]<\/p>\n","protected":false},"author":1,"featured_media":8939,"comment_status":"open","ping_status":"open","sticky":false,"template":"","format":"standard","meta":{"_et_pb_use_builder":"on","_et_pb_old_content":"","_et_gb_content_width":"","footnotes":""},"categories":[285],"tags":[],"class_list":["post-8940","post","type-post","status-publish","format-standard","has-post-thumbnail","hentry","category-blog","et-has-post-format-content","et_post_format-et-post-format-standard"],"_links":{"self":[{"href":"https:\/\/v31.es\/booksonline\/wp-json\/wp\/v2\/posts\/8940","targetHints":{"allow":["GET"]}}],"collection":[{"href":"https:\/\/v31.es\/booksonline\/wp-json\/wp\/v2\/posts"}],"about":[{"href":"https:\/\/v31.es\/booksonline\/wp-json\/wp\/v2\/types\/post"}],"author":[{"embeddable":true,"href":"https:\/\/v31.es\/booksonline\/wp-json\/wp\/v2\/users\/1"}],"replies":[{"embeddable":true,"href":"https:\/\/v31.es\/booksonline\/wp-json\/wp\/v2\/comments?post=8940"}],"version-history":[{"count":3,"href":"https:\/\/v31.es\/booksonline\/wp-json\/wp\/v2\/posts\/8940\/revisions"}],"predecessor-version":[{"id":8945,"href":"https:\/\/v31.es\/booksonline\/wp-json\/wp\/v2\/posts\/8940\/revisions\/8945"}],"wp:featuredmedia":[{"embeddable":true,"href":"https:\/\/v31.es\/booksonline\/wp-json\/wp\/v2\/media\/8939"}],"wp:attachment":[{"href":"https:\/\/v31.es\/booksonline\/wp-json\/wp\/v2\/media?parent=8940"}],"wp:term":[{"taxonomy":"category","embeddable":true,"href":"https:\/\/v31.es\/booksonline\/wp-json\/wp\/v2\/categories?post=8940"},{"taxonomy":"post_tag","embeddable":true,"href":"https:\/\/v31.es\/booksonline\/wp-json\/wp\/v2\/tags?post=8940"}],"curies":[{"name":"wp","href":"https:\/\/api.w.org\/{rel}","templated":true}]}}