{"id":8988,"date":"2021-04-25T09:49:00","date_gmt":"2021-04-25T07:49:00","guid":{"rendered":"https:\/\/v31.es\/booksonline\/?p=8988"},"modified":"2021-04-29T09:56:11","modified_gmt":"2021-04-29T07:56:11","slug":"heroes-de-leyenda","status":"publish","type":"post","link":"https:\/\/v31.es\/booksonline\/2021\/04\/25\/heroes-de-leyenda\/","title":{"rendered":"H\u00e9roes de Leyenda"},"content":{"rendered":"<p>[et_pb_section fb_built=\u00bb1&#8243; _builder_version=\u00bb4.9.3&#8243; _module_preset=\u00bbdefault\u00bb custom_padding=\u00bb34px|||||\u00bb][et_pb_row column_structure=\u00bb1_2,1_2&#8243; _builder_version=\u00bb4.9.3&#8243; _module_preset=\u00bbdefault\u00bb width=\u00bb100%\u00bb max_width=\u00bb959px\u00bb height=\u00bb1000px\u00bb max_height=\u00bb1000px\u00bb][et_pb_column type=\u00bb1_2&#8243; _builder_version=\u00bb4.9.3&#8243; _module_preset=\u00bbdefault\u00bb][et_pb_image src=\u00bbhttps:\/\/v31.es\/booksonline\/wp-content\/uploads\/2021\/04\/Heroes_de_Leyenda.jpg\u00bb alt=\u00bbH\u00e9roes de Leyenda\u00bb title_text=\u00bbH\u00e9roes_de_Leyenda\u00bb _builder_version=\u00bb4.9.4&#8243; _module_preset=\u00bbdefault\u00bb custom_padding=\u00bb|0px|36px|||\u00bb hover_enabled=\u00bb0&#8243; sticky_enabled=\u00bb0&#8243;][\/et_pb_image][et_pb_text _builder_version=\u00bb4.9.3&#8243; _module_preset=\u00bbdefault\u00bb text_line_height=\u00bb1em\u00bb min_height=\u00bb235.3px\u00bb custom_margin=\u00bb|-1px|-184px|58px||\u00bb custom_padding=\u00bb|60px|0px|||\u00bb]<\/p>\n<table class=\"woocommerce-product-attributes shop_attributes\">\n<tbody>\n<tr class=\"woocommerce-product-attributes-item woocommerce-product-attributes-item--attribute_autor\">\n<th class=\"woocommerce-product-attributes-item__label\">AUTOR:<\/th>\n<td class=\"woocommerce-product-attributes-item__value\">\n<p>Antonio Cardiel<\/p>\n<\/td>\n<\/tr>\n<tr class=\"woocommerce-product-attributes-item woocommerce-product-attributes-item--attribute_isbn\">\n<th class=\"woocommerce-product-attributes-item__label\">ISBN:<\/th>\n<td class=\"woocommerce-product-attributes-item__value\">\n<p><span>978-84-01-02695-9<\/span><\/p>\n<\/td>\n<\/tr>\n<tr class=\"woocommerce-product-attributes-item woocommerce-product-attributes-item--attribute_p%c3%a1ginas\">\n<th class=\"woocommerce-product-attributes-item__label\">P\u00c1GINAS:<\/th>\n<td class=\"woocommerce-product-attributes-item__value\">\n<p>512<\/p>\n<\/td>\n<\/tr>\n<tr class=\"woocommerce-product-attributes-item woocommerce-product-attributes-item--attribute_idioma\">\n<th class=\"woocommerce-product-attributes-item__label\">IDIOMA:<\/th>\n<td class=\"woocommerce-product-attributes-item__value\">\n<p>Castellano<\/p>\n<\/td>\n<\/tr>\n<\/tbody>\n<\/table>\n<table class=\"woocommerce-product-attributes shop_attributes\" width=\"317\" height=\"214\"><\/table>\n<p><a href=\"https:\/\/www.booksonline.es\/es\/coleccion\/novela\" title=\"Art\u00edculos de la colecci\u00f3n\"><\/a><\/p>\n<p>[\/et_pb_text][et_pb_button button_text=\u00bbA\u00d1ADIR AL CARRITO\u00bb button_alignment=\u00bbleft\u00bb _builder_version=\u00bb4.9.4&#8243; _module_preset=\u00bbdefault\u00bb custom_button=\u00bbon\u00bb button_text_size=\u00bb17px\u00bb button_text_color=\u00bb#FFFFFF\u00bb button_bg_color=\u00bb#7CDA24&#8243; button_border_width=\u00bb0px\u00bb button_letter_spacing=\u00bb1px\u00bb button_font=\u00bb|700||on|||||\u00bb button_use_icon=\u00bboff\u00bb background_layout=\u00bbdark\u00bb custom_margin=\u00bb|||57px||\u00bb hover_enabled=\u00bb0&#8243; box_shadow_style=\u00bbpreset6&#8243; button_url=\u00bbhttps:\/\/www.booksonline.es\/es\/libros\/heroes-de-leyenda_0010297063&#8243; url_new_window=\u00bbon\u00bb sticky_enabled=\u00bb0&#8243;][\/et_pb_button][et_pb_social_media_follow _builder_version=\u00bb4.9.3&#8243; _module_preset=\u00bbdefault\u00bb custom_margin=\u00bb19px|||||\u00bb custom_padding=\u00bb|||56px||\u00bb][et_pb_social_media_follow_network social_network=\u00bbfacebook\u00bb url=\u00bbhttps:\/\/www.facebook.com\/booksonline.es\/\u00bb _builder_version=\u00bb4.9.3&#8243; _module_preset=\u00bbdefault\u00bb background_color=\u00bb#3b5998&#8243; follow_button=\u00bboff\u00bb url_new_window=\u00bbon\u00bb]facebook[\/et_pb_social_media_follow_network][et_pb_social_media_follow_network social_network=\u00bbinstagram\u00bb url=\u00bbhttps:\/\/www.instagram.com\/booksonline.es\/\u00bb _builder_version=\u00bb4.9.3&#8243; _module_preset=\u00bbdefault\u00bb background_color=\u00bb#ea2c59&#8243; follow_button=\u00bboff\u00bb url_new_window=\u00bbon\u00bb]instagram[\/et_pb_social_media_follow_network][\/et_pb_social_media_follow][\/et_pb_column][et_pb_column type=\u00bb1_2&#8243; _builder_version=\u00bb4.9.3&#8243; _module_preset=\u00bbdefault\u00bb][et_pb_text _builder_version=\u00bb4.9.4&#8243; _module_preset=\u00bbdefault\u00bb text_font=\u00bb||||||||\u00bb text_text_color=\u00bb#68d800&#8243; text_font_size=\u00bb28px\u00bb text_line_height=\u00bb1.1em\u00bb header_4_font=\u00bbAbel||||||||\u00bb header_4_font_size=\u00bb54px\u00bb width=\u00bb100%\u00bb max_width=\u00bb100%\u00bb min_height=\u00bb53.6px\u00bb custom_margin=\u00bb-2px|||||\u00bb custom_padding=\u00bb10px||0px|37px||\u00bb]<\/p>\n<p><span style=\"font-size: xx-large; color: #7cda24;\"><strong>H\u00c9ROES DE LEYENDA<\/strong><\/span><\/p>\n<p>[\/et_pb_text][et_pb_text _builder_version=\u00bb4.9.4&#8243; _module_preset=\u00bbdefault\u00bb height=\u00bb712px\u00bb max_height=\u00bb1000px\u00bb custom_margin=\u00bb||-638px|||\u00bb custom_padding=\u00bb22px||0px|38px||\u00bb]<\/p>\n<h1><strong><span style=\"font-size: medium;\">LA Historia de una banda de Rock m\u00edtica<\/span><\/strong><\/h1>\n<p>[\/et_pb_text][et_pb_text _builder_version=\u00bb4.9.3&#8243; _module_preset=\u00bbdefault\u00bb width=\u00bb91.7%\u00bb custom_padding=\u00bb|||38px||\u00bb]<\/p>\n<div id=\"detpestanias\">\n<div id=\"tabsinopsis\">\n<p itemprop=\"description\" class=\"bodytext\" style=\"text-align: justify;\"><span>Si adem\u00e1s de lector eres mel\u00f3mano y fan ac\u00e9rrimo de Heroes del Silencio, tienes una entrevista al autor del libro en \u201cMetalcry\u201d, una web dedicada al rock y al metal, que deber\u00edas leer. Bastan 2.000 palabras para refirmarnos en nuestra creencia: que grandes que fueron esta banda de rock aragonesa. Si, ya s\u00e9 que durante estos a\u00f1os se han escrito mil libros y biograf\u00edas del grupo m\u00e1s m\u00edtico del pop-rock espa\u00f1ol, la diferencia es que este lleva la firma de Antonio Cardiel que adem\u00e1s de escritor da la casualidad que es el hermano de Joaqu\u00edn Cardiel, el bajista del grupo.<\/span><\/p>\n<p><span>En el proyecto se han invertido tres a\u00f1os de intenso trabajo en el que han participado y se han inmiscuido los componentes de Heroes del Silencio. La obra repasa al detalle los inicios de la banda y los \u00e9xitos que cosecharon, as\u00ed como el proceso de composici\u00f3n y grabaci\u00f3n de los \u00e1lbumes y las grandiosas giras por Europa y Am\u00e9rica.<\/span><\/p>\n<p><span>Nos encontramos con 500 p\u00e1ginas llenas de an\u00e9cdotas desconocidas para sus seguidores, material original que nunca hab\u00eda visto la luz, y m\u00e1s de 50 im\u00e1genes nunca antes vistas por el p\u00fablico. Un grupo obsesionado por la excelencia y quiz\u00e1s esto fue lo que les llev\u00f3 a ser pioneros en terrenos intransitados entonces en Espa\u00f1a: 700 conciertos ofrecidos en 30 pa\u00edses entre Europa y Am\u00e9rica; compa\u00f1eros de cartel de bandas como Texas, Aerosmith o Iron Maiden, y solistas como Leonard Cohen, Robert Plant o Bryan Adams; asistencia a los festivales de verano m\u00e1s importantes de Europa, como el Rock am Ring y el Rock Insel; decenas de discos piratas que todav\u00eda se siguen editando; grabaciones de unplugged para la MTV&#8230; Como ocurre con todos los grandes, suelen levantar tanta pasi\u00f3n como repulsa, los detractores que se sorprender\u00e1n de la capacidad de auto cr\u00edtica que han mostrado Valdivia, Andreu y Cardiel.<\/span><\/p>\n<\/div>\n<\/div>\n<p>[\/et_pb_text][\/et_pb_column][\/et_pb_row][\/et_pb_section]<\/p>\n","protected":false},"excerpt":{"rendered":"<p>AUTOR: Antonio Cardiel ISBN: 978-84-01-02695-9 P\u00c1GINAS: 512 IDIOMA: Castellano H\u00c9ROES DE LEYENDALA Historia de una banda de Rock m\u00edtica Si adem\u00e1s de lector eres mel\u00f3mano y fan ac\u00e9rrimo de Heroes del Silencio, tienes una entrevista al autor del libro en \u201cMetalcry\u201d, una web dedicada al rock y al metal, que deber\u00edas leer. Bastan 2.000 palabras [&hellip;]<\/p>\n","protected":false},"author":1,"featured_media":8989,"comment_status":"open","ping_status":"open","sticky":false,"template":"","format":"standard","meta":{"_et_pb_use_builder":"on","_et_pb_old_content":"","_et_gb_content_width":"","footnotes":""},"categories":[285],"tags":[],"class_list":["post-8988","post","type-post","status-publish","format-standard","has-post-thumbnail","hentry","category-blog","et-has-post-format-content","et_post_format-et-post-format-standard"],"_links":{"self":[{"href":"https:\/\/v31.es\/booksonline\/wp-json\/wp\/v2\/posts\/8988","targetHints":{"allow":["GET"]}}],"collection":[{"href":"https:\/\/v31.es\/booksonline\/wp-json\/wp\/v2\/posts"}],"about":[{"href":"https:\/\/v31.es\/booksonline\/wp-json\/wp\/v2\/types\/post"}],"author":[{"embeddable":true,"href":"https:\/\/v31.es\/booksonline\/wp-json\/wp\/v2\/users\/1"}],"replies":[{"embeddable":true,"href":"https:\/\/v31.es\/booksonline\/wp-json\/wp\/v2\/comments?post=8988"}],"version-history":[{"count":2,"href":"https:\/\/v31.es\/booksonline\/wp-json\/wp\/v2\/posts\/8988\/revisions"}],"predecessor-version":[{"id":8992,"href":"https:\/\/v31.es\/booksonline\/wp-json\/wp\/v2\/posts\/8988\/revisions\/8992"}],"wp:featuredmedia":[{"embeddable":true,"href":"https:\/\/v31.es\/booksonline\/wp-json\/wp\/v2\/media\/8989"}],"wp:attachment":[{"href":"https:\/\/v31.es\/booksonline\/wp-json\/wp\/v2\/media?parent=8988"}],"wp:term":[{"taxonomy":"category","embeddable":true,"href":"https:\/\/v31.es\/booksonline\/wp-json\/wp\/v2\/categories?post=8988"},{"taxonomy":"post_tag","embeddable":true,"href":"https:\/\/v31.es\/booksonline\/wp-json\/wp\/v2\/tags?post=8988"}],"curies":[{"name":"wp","href":"https:\/\/api.w.org\/{rel}","templated":true}]}}