{"id":8999,"date":"2021-04-17T10:07:00","date_gmt":"2021-04-17T08:07:00","guid":{"rendered":"https:\/\/v31.es\/booksonline\/?p=8999"},"modified":"2021-04-29T10:47:37","modified_gmt":"2021-04-29T08:47:37","slug":"tomas-nevinson","status":"publish","type":"post","link":"https:\/\/v31.es\/booksonline\/2021\/04\/17\/tomas-nevinson\/","title":{"rendered":"Tomas Nevinson"},"content":{"rendered":"<p>[et_pb_section fb_built=\u00bb1&#8243; _builder_version=\u00bb4.9.3&#8243; _module_preset=\u00bbdefault\u00bb custom_padding=\u00bb34px|||||\u00bb][et_pb_row column_structure=\u00bb1_2,1_2&#8243; _builder_version=\u00bb4.9.3&#8243; _module_preset=\u00bbdefault\u00bb width=\u00bb100%\u00bb max_width=\u00bb959px\u00bb height=\u00bb1000px\u00bb max_height=\u00bb1000px\u00bb][et_pb_column type=\u00bb1_2&#8243; _builder_version=\u00bb4.9.3&#8243; _module_preset=\u00bbdefault\u00bb][et_pb_image src=\u00bbhttps:\/\/v31.es\/booksonline\/wp-content\/uploads\/2021\/04\/Tomas_Nevinson.jpg\u00bb alt=\u00bbTomas Nevinson, Ficci\u00f3n\u00bb title_text=\u00bbTomas_Nevinson\u00bb _builder_version=\u00bb4.9.4&#8243; _module_preset=\u00bbdefault\u00bb custom_padding=\u00bb|0px|36px|||\u00bb hover_enabled=\u00bb0&#8243; sticky_enabled=\u00bb0&#8243;][\/et_pb_image][et_pb_text _builder_version=\u00bb4.9.3&#8243; _module_preset=\u00bbdefault\u00bb text_line_height=\u00bb1em\u00bb min_height=\u00bb235.3px\u00bb custom_margin=\u00bb|-1px|-184px|58px||\u00bb custom_padding=\u00bb|60px|0px|||\u00bb]<\/p>\n<table class=\"woocommerce-product-attributes shop_attributes\">\n<tbody>\n<tr class=\"woocommerce-product-attributes-item woocommerce-product-attributes-item--attribute_autor\">\n<th class=\"woocommerce-product-attributes-item__label\">AUTOR:<\/th>\n<td class=\"woocommerce-product-attributes-item__value\">\n<p>Javier Mar\u00edas<\/p>\n<\/td>\n<\/tr>\n<tr class=\"woocommerce-product-attributes-item woocommerce-product-attributes-item--attribute_isbn\">\n<th class=\"woocommerce-product-attributes-item__label\">ISBN:<\/th>\n<td class=\"woocommerce-product-attributes-item__value\">\n<p><span>978-84-204-5459-7<\/span><\/p>\n<\/td>\n<\/tr>\n<tr class=\"woocommerce-product-attributes-item woocommerce-product-attributes-item--attribute_p%c3%a1ginas\">\n<th class=\"woocommerce-product-attributes-item__label\">P\u00c1GINAS:<\/th>\n<td class=\"woocommerce-product-attributes-item__value\">\n<p>688<\/p>\n<\/td>\n<\/tr>\n<tr class=\"woocommerce-product-attributes-item woocommerce-product-attributes-item--attribute_idioma\">\n<th class=\"woocommerce-product-attributes-item__label\">IDIOMA:<\/th>\n<td class=\"woocommerce-product-attributes-item__value\">\n<p>Castellano<\/p>\n<\/td>\n<\/tr>\n<\/tbody>\n<\/table>\n<table class=\"woocommerce-product-attributes shop_attributes\" width=\"317\" height=\"214\"><\/table>\n<p><a href=\"https:\/\/www.booksonline.es\/es\/coleccion\/novela\" title=\"Art\u00edculos de la colecci\u00f3n\"><\/a><\/p>\n<p>[\/et_pb_text][et_pb_button button_text=\u00bbA\u00d1ADIR AL CARRITO\u00bb button_alignment=\u00bbleft\u00bb _builder_version=\u00bb4.9.4&#8243; _module_preset=\u00bbdefault\u00bb custom_button=\u00bbon\u00bb button_text_size=\u00bb17px\u00bb button_text_color=\u00bb#FFFFFF\u00bb button_bg_color=\u00bb#7CDA24&#8243; button_border_width=\u00bb0px\u00bb button_letter_spacing=\u00bb1px\u00bb button_font=\u00bb|700||on|||||\u00bb button_use_icon=\u00bboff\u00bb background_layout=\u00bbdark\u00bb custom_margin=\u00bb|||57px||\u00bb hover_enabled=\u00bb0&#8243; box_shadow_style=\u00bbpreset6&#8243; url_new_window=\u00bbon\u00bb button_url=\u00bbhttps:\/\/www.booksonline.es\/es\/libros\/tomas-nevinson_0010288896&#8243; sticky_enabled=\u00bb0&#8243;][\/et_pb_button][et_pb_social_media_follow _builder_version=\u00bb4.9.3&#8243; _module_preset=\u00bbdefault\u00bb custom_margin=\u00bb19px|||||\u00bb custom_padding=\u00bb|||56px||\u00bb][et_pb_social_media_follow_network social_network=\u00bbfacebook\u00bb url=\u00bbhttps:\/\/www.facebook.com\/booksonline.es\/\u00bb _builder_version=\u00bb4.9.3&#8243; _module_preset=\u00bbdefault\u00bb background_color=\u00bb#3b5998&#8243; follow_button=\u00bboff\u00bb url_new_window=\u00bbon\u00bb]facebook[\/et_pb_social_media_follow_network][et_pb_social_media_follow_network social_network=\u00bbinstagram\u00bb url=\u00bbhttps:\/\/www.instagram.com\/booksonline.es\/\u00bb _builder_version=\u00bb4.9.3&#8243; _module_preset=\u00bbdefault\u00bb background_color=\u00bb#ea2c59&#8243; follow_button=\u00bboff\u00bb url_new_window=\u00bbon\u00bb]instagram[\/et_pb_social_media_follow_network][\/et_pb_social_media_follow][\/et_pb_column][et_pb_column type=\u00bb1_2&#8243; _builder_version=\u00bb4.9.3&#8243; _module_preset=\u00bbdefault\u00bb][et_pb_text _builder_version=\u00bb4.9.4&#8243; _module_preset=\u00bbdefault\u00bb text_font=\u00bb||||||||\u00bb text_text_color=\u00bb#68d800&#8243; text_font_size=\u00bb28px\u00bb text_line_height=\u00bb1.1em\u00bb header_4_font=\u00bbAbel||||||||\u00bb header_4_font_size=\u00bb54px\u00bb width=\u00bb100%\u00bb max_width=\u00bb100%\u00bb min_height=\u00bb50.6px\u00bb custom_margin=\u00bb-2px|||||\u00bb custom_padding=\u00bb10px||0px|37px||\u00bb]<\/p>\n<p><span style=\"font-size: xx-large; color: #7cda24;\"><strong>TOM\u00c1S NEVINSON<\/strong><\/span><\/p>\n<p>[\/et_pb_text][et_pb_text _builder_version=\u00bb4.9.4&#8243; _module_preset=\u00bbdefault\u00bb height=\u00bb712px\u00bb max_height=\u00bb1000px\u00bb custom_margin=\u00bb||-638px|||\u00bb custom_padding=\u00bb22px||0px|38px||\u00bb]<\/p>\n<h1><strong><span style=\"font-size: medium;\">No matar\u00c1s<\/span><\/strong><\/h1>\n<p>[\/et_pb_text][et_pb_text _builder_version=\u00bb4.9.3&#8243; _module_preset=\u00bbdefault\u00bb width=\u00bb91.7%\u00bb custom_padding=\u00bb|||38px||\u00bb]<\/p>\n<div id=\"detpestanias\">\n<div id=\"tabsinopsis\">\n<p itemprop=\"description\" class=\"bodytext\" style=\"text-align: justify;\"><span>Tomas Nevison no es el nombre de ning\u00fan escritor, es el t\u00edtulo de la \u00faltima novela de Javier Mar\u00edas, esscritor licenciado en Filosof\u00eda y Letras. Publico su primer libro en 1970 y desde entonces no ha parado de escribir. Ahora con 70 nos regala su obra m\u00e1s extensa, 690 p\u00e1ginas escritas en plena pandemia con su m\u00e1quina \u201cOlivetti\u201d de toda la vida. En una carta dirigida a los libreros les confiesa que en momentos tuvo serios problemas en conseguir las cintas de nylon de repuesto.<\/span><\/p>\n<p><span>En 1977, Tom\u00e1s Nevinson cae en la tentaci\u00f3n de volver a los Servicios. se le propone ir a una ciudad del noroeste para identificar a una persona, medio espa\u00f1ola y medio norirlandesa, que particip\u00f3 en atentados del IRA y de ETA diez a\u00f1os atr\u00e1s.<\/span><\/p>\n<p><span>M\u00e1s all\u00e1 de su trama, Mar\u00edas nos propone una profunda reflexi\u00f3n sobre los l\u00edmites de lo que se puede hacer, sobre los da\u00f1os colaterales para evitar un mal mayor y sobre la dificultad de determinar cu\u00e1l es ese mal. Con el trasfondo de episodios hist\u00f3ricos de terrorismo, Tom\u00e1s Nevinson es tambi\u00e9n la historia de qu\u00e9 le sucede a quien ya le hab\u00eda sucedido todo y a quien, aparentemente, nada m\u00e1s pod\u00eda ocurrir.<\/span><\/p>\n<p><span>Dos hombres, uno en la ficci\u00f3n y otro en la realidad, tuvieron la oportunidad de matar a Hitler antes de que \u00e9ste desencadenara la Segunda Guerra Mundial. A partir de este hecho, Javier Mar\u00edas explora el \u00abNo matar\u00e1s\u00bb. Si esos hombres quiz\u00e1 debieron disparar contra el F\u00fchrer, \u00bfcabe la posibilidad de hacerlo contra alguien m\u00e1s? Como dice el narrador de Tom\u00e1s Nevinson, \u00abya se ve que matar no es tan extremo ni tan dif\u00edcil e injusto si se sabe a qui\u00e9n\u00bb.<\/span><\/p>\n<p><span>La historia cautiva al lector desde el principio, gracias a una prosa en perpetua tensi\u00f3n detectivesca, una excelente recreaci\u00f3n de ambientes y el s\u00f3lido desarrollo de la historia.<\/span><\/p>\n<p><span>\u00abYo fui educado a la antigua, y nunca cre\u00ed que me fueran a ordenar un d\u00eda que matara a una mujer. A las mujeres no se las toca, no se les pega, no se les hace da\u00f1o&#8230;\u00bb<\/span><\/p>\n<\/div>\n<\/div>\n<p>[\/et_pb_text][\/et_pb_column][\/et_pb_row][\/et_pb_section]<\/p>\n","protected":false},"excerpt":{"rendered":"<p>AUTOR: Javier Mar\u00edas ISBN: 978-84-204-5459-7 P\u00c1GINAS: 688 IDIOMA: Castellano TOM\u00c1S NEVINSONNo matar\u00c1s Tomas Nevison no es el nombre de ning\u00fan escritor, es el t\u00edtulo de la \u00faltima novela de Javier Mar\u00edas, esscritor licenciado en Filosof\u00eda y Letras. Publico su primer libro en 1970 y desde entonces no ha parado de escribir. Ahora con 70 nos [&hellip;]<\/p>\n","protected":false},"author":1,"featured_media":9001,"comment_status":"open","ping_status":"open","sticky":false,"template":"","format":"standard","meta":{"_et_pb_use_builder":"on","_et_pb_old_content":"","_et_gb_content_width":"","footnotes":""},"categories":[285],"tags":[],"class_list":["post-8999","post","type-post","status-publish","format-standard","has-post-thumbnail","hentry","category-blog","et-has-post-format-content","et_post_format-et-post-format-standard"],"_links":{"self":[{"href":"https:\/\/v31.es\/booksonline\/wp-json\/wp\/v2\/posts\/8999","targetHints":{"allow":["GET"]}}],"collection":[{"href":"https:\/\/v31.es\/booksonline\/wp-json\/wp\/v2\/posts"}],"about":[{"href":"https:\/\/v31.es\/booksonline\/wp-json\/wp\/v2\/types\/post"}],"author":[{"embeddable":true,"href":"https:\/\/v31.es\/booksonline\/wp-json\/wp\/v2\/users\/1"}],"replies":[{"embeddable":true,"href":"https:\/\/v31.es\/booksonline\/wp-json\/wp\/v2\/comments?post=8999"}],"version-history":[{"count":2,"href":"https:\/\/v31.es\/booksonline\/wp-json\/wp\/v2\/posts\/8999\/revisions"}],"predecessor-version":[{"id":9003,"href":"https:\/\/v31.es\/booksonline\/wp-json\/wp\/v2\/posts\/8999\/revisions\/9003"}],"wp:featuredmedia":[{"embeddable":true,"href":"https:\/\/v31.es\/booksonline\/wp-json\/wp\/v2\/media\/9001"}],"wp:attachment":[{"href":"https:\/\/v31.es\/booksonline\/wp-json\/wp\/v2\/media?parent=8999"}],"wp:term":[{"taxonomy":"category","embeddable":true,"href":"https:\/\/v31.es\/booksonline\/wp-json\/wp\/v2\/categories?post=8999"},{"taxonomy":"post_tag","embeddable":true,"href":"https:\/\/v31.es\/booksonline\/wp-json\/wp\/v2\/tags?post=8999"}],"curies":[{"name":"wp","href":"https:\/\/api.w.org\/{rel}","templated":true}]}}