{"id":9236,"date":"2021-05-25T12:03:50","date_gmt":"2021-05-25T10:03:50","guid":{"rendered":"https:\/\/v31.es\/booksonline\/?p=9236"},"modified":"2023-06-06T10:11:39","modified_gmt":"2023-06-06T08:11:39","slug":"joan-peruga","status":"publish","type":"post","link":"https:\/\/v31.es\/booksonline\/2021\/05\/25\/joan-peruga\/","title":{"rendered":"Joan Peruga"},"content":{"rendered":"<p>[et_pb_section fb_built=\u00bb1&#8243; _builder_version=\u00bb4.16&#8243; _module_preset=\u00bbdefault\u00bb global_colors_info=\u00bb{}\u00bb][et_pb_row column_structure=\u00bb1_2,1_2&#8243; _builder_version=\u00bb4.16&#8243; _module_preset=\u00bbdefault\u00bb custom_margin=\u00bb|auto|72px|auto||\u00bb global_colors_info=\u00bb{}\u00bb][et_pb_column type=\u00bb1_2&#8243; _builder_version=\u00bb4.16&#8243; _module_preset=\u00bbdefault\u00bb global_colors_info=\u00bb{}\u00bb][et_pb_image src=\u00bbhttps:\/\/v31.es\/booksonline\/wp-content\/uploads\/2022\/04\/Joan_Peruga.jpg\u00bb alt=\u00bbDaniel vilalta\u00bb title_text=\u00bbJoan_Peruga\u00bb _builder_version=\u00bb4.16.0&#8243; _module_preset=\u00bbdefault\u00bb custom_margin=\u00bb|30px||||\u00bb custom_padding=\u00bb|16px||||\u00bb global_colors_info=\u00bb{}\u00bb][\/et_pb_image][\/et_pb_column][et_pb_column type=\u00bb1_2&#8243; _builder_version=\u00bb4.16&#8243; _module_preset=\u00bbdefault\u00bb global_colors_info=\u00bb{}\u00bb][et_pb_text _builder_version=\u00bb4.16&#8243; _module_preset=\u00bbdefault\u00bb custom_padding=\u00bb||0px|||\u00bb global_colors_info=\u00bb{}\u00bb]<\/p>\n<h2 class=\"custom\"><span style=\"color: #999999;\"><strong>JOAN PERUGA<\/strong><\/span><\/h2>\n<p>Joan Peruga Guerrero (Santalecina, Huesca, 1954) se licenci\u00f3 en Geograf\u00eda e Historia por la Universidad Aut\u00f3noma de Barcelona, desde donde lleg\u00f3 al Principado de Andorra para quedarse. Ha sido profesor del Instituto Espa\u00f1ol y de la Escuela Andorrana de Bachillerato. Ha compaginado la docencia con la investigaci\u00f3n sobre temas relacionados con la historia contempor\u00e1nea de Andorra y del Pirineo. Ha sido miembro del Instituto de Estudios Andorranos y presidente de la Comisi\u00f3n Nacional Andorrana para la UNESCO.<\/p>\n<p>Colabora de manera habitual en la prensa y fue cofundador y primer director de la revista cultural <em>Portella Andorra Lletres Arts<\/em>. Ha recibido el premio Tristaina de periodismo y el Fiter i Rossell de novela por <em>\u00daltim estiu a Ordino<\/em>, que fue acogida con entusiasmo por los lectores y de la cual se han publicado numerosas ediciones.<\/p>\n<p><em>El museo del elefante <\/em>ha aparecido recientemente traducida al franc\u00e9s. Tiene obras traducidas tambi\u00e9n al rumano y al checo.<\/p>\n<p><em>Alcanadre <\/em>es su \u00faltima novela y la m\u00e1s personal.\u00a0<\/p>\n<div>\n<div class=\"container-page\">\n<p class=\"custom\">\n<\/div>\n<\/div>\n<p>[\/et_pb_text][\/et_pb_column][\/et_pb_row][et_pb_row _builder_version=\u00bb4.21.0&#8243; _module_preset=\u00bbdefault\u00bb global_colors_info=\u00bb{}\u00bb][et_pb_column type=\u00bb4_4&#8243; _builder_version=\u00bb4.21.0&#8243; _module_preset=\u00bbdefault\u00bb global_colors_info=\u00bb{}\u00bb][et_pb_wc_related_products include_categories=\u00bb262&#8243; _builder_version=\u00bb4.21.0&#8243; _module_preset=\u00bbdefault\u00bb hover_enabled=\u00bb0&#8243; global_colors_info=\u00bb{}\u00bb title_font=\u00bb|700|||||||\u00bb title_text_color=\u00bb#7CDA24&#8243; title_font_size=\u00bb15px\u00bb sticky_enabled=\u00bb0&#8243;][\/et_pb_wc_related_products][\/et_pb_column][\/et_pb_row][et_pb_row _builder_version=\u00bb4.16&#8243; _module_preset=\u00bbdefault\u00bb global_colors_info=\u00bb{}\u00bb][et_pb_column type=\u00bb4_4&#8243; _builder_version=\u00bb4.16&#8243; _module_preset=\u00bbdefault\u00bb global_colors_info=\u00bb{}\u00bb][et_pb_shop _builder_version=\u00bb4.21.0&#8243; _module_preset=\u00bbdefault\u00bb type=\u00bblatest\u00bb hover_enabled=\u00bb0&#8243; sticky_enabled=\u00bb0&#8243;][\/et_pb_shop][\/et_pb_column][\/et_pb_row][\/et_pb_section][et_pb_section fb_built=\u00bb1&#8243; fullwidth=\u00bbon\u00bb _builder_version=\u00bb4.21.0&#8243; _module_preset=\u00bbdefault\u00bb global_colors_info=\u00bb{}\u00bb][\/et_pb_section]<\/p>\n","protected":false},"excerpt":{"rendered":"<p>JOAN PERUGA Joan Peruga Guerrero (Santalecina, Huesca, 1954) se licenci\u00f3 en Geograf\u00eda e Historia por la Universidad Aut\u00f3noma de Barcelona, desde donde lleg\u00f3 al Principado de Andorra para quedarse. Ha sido profesor del Instituto Espa\u00f1ol y de la Escuela Andorrana de Bachillerato. Ha compaginado la docencia con la investigaci\u00f3n sobre temas relacionados con la historia [&hellip;]<\/p>\n","protected":false},"author":1,"featured_media":10161,"comment_status":"open","ping_status":"open","sticky":false,"template":"","format":"standard","meta":{"_et_pb_use_builder":"on","_et_pb_old_content":"","_et_gb_content_width":"","footnotes":""},"categories":[26],"tags":[],"class_list":["post-9236","post","type-post","status-publish","format-standard","has-post-thumbnail","hentry","category-autores","et-has-post-format-content","et_post_format-et-post-format-standard"],"_links":{"self":[{"href":"https:\/\/v31.es\/booksonline\/wp-json\/wp\/v2\/posts\/9236","targetHints":{"allow":["GET"]}}],"collection":[{"href":"https:\/\/v31.es\/booksonline\/wp-json\/wp\/v2\/posts"}],"about":[{"href":"https:\/\/v31.es\/booksonline\/wp-json\/wp\/v2\/types\/post"}],"author":[{"embeddable":true,"href":"https:\/\/v31.es\/booksonline\/wp-json\/wp\/v2\/users\/1"}],"replies":[{"embeddable":true,"href":"https:\/\/v31.es\/booksonline\/wp-json\/wp\/v2\/comments?post=9236"}],"version-history":[{"count":8,"href":"https:\/\/v31.es\/booksonline\/wp-json\/wp\/v2\/posts\/9236\/revisions"}],"predecessor-version":[{"id":10443,"href":"https:\/\/v31.es\/booksonline\/wp-json\/wp\/v2\/posts\/9236\/revisions\/10443"}],"wp:featuredmedia":[{"embeddable":true,"href":"https:\/\/v31.es\/booksonline\/wp-json\/wp\/v2\/media\/10161"}],"wp:attachment":[{"href":"https:\/\/v31.es\/booksonline\/wp-json\/wp\/v2\/media?parent=9236"}],"wp:term":[{"taxonomy":"category","embeddable":true,"href":"https:\/\/v31.es\/booksonline\/wp-json\/wp\/v2\/categories?post=9236"},{"taxonomy":"post_tag","embeddable":true,"href":"https:\/\/v31.es\/booksonline\/wp-json\/wp\/v2\/tags?post=9236"}],"curies":[{"name":"wp","href":"https:\/\/api.w.org\/{rel}","templated":true}]}}