{"id":9329,"date":"2021-06-30T11:09:50","date_gmt":"2021-06-30T09:09:50","guid":{"rendered":"https:\/\/v31.es\/booksonline\/?p=9329"},"modified":"2021-06-30T11:11:02","modified_gmt":"2021-06-30T09:11:02","slug":"9329","status":"publish","type":"post","link":"https:\/\/v31.es\/booksonline\/2021\/06\/30\/9329\/","title":{"rendered":"La virtud del egoismo"},"content":{"rendered":"\n[et_pb_section fb_built=\u00bb1&#8243; _builder_version=\u00bb4.9.3&#8243; _module_preset=\u00bbdefault\u00bb custom_padding=\u00bb34px|||||\u00bb][et_pb_row column_structure=\u00bb1_2,1_2&#8243; _builder_version=\u00bb4.9.3&#8243; _module_preset=\u00bbdefault\u00bb width=\u00bb100%\u00bb max_width=\u00bb959px\u00bb height=\u00bb1000px\u00bb max_height=\u00bb1000px\u00bb][et_pb_column type=\u00bb1_2&#8243; _builder_version=\u00bb4.9.3&#8243; _module_preset=\u00bbdefault\u00bb][et_pb_image src=\u00bbhttps:\/\/v31.es\/booksonline\/wp-content\/uploads\/2021\/06\/La_virtud_del_egoismo.jpg\u00bb alt=\u00bbLa Virtud del ego\u00edsmo\u00bb title_text=\u00bbLa_virtud_del_egoismo\u00bb _builder_version=\u00bb4.9.7&#8243; _module_preset=\u00bbdefault\u00bb custom_padding=\u00bb|0px|36px|||\u00bb hover_enabled=\u00bb0&#8243; sticky_enabled=\u00bb0&#8243;][\/et_pb_image][et_pb_text _builder_version=\u00bb4.9.3&#8243; _module_preset=\u00bbdefault\u00bb text_line_height=\u00bb1em\u00bb min_height=\u00bb235.3px\u00bb custom_margin=\u00bb|-1px|-184px|58px||\u00bb custom_padding=\u00bb|60px|0px|||\u00bb]<table class=\"woocommerce-product-attributes shop_attributes\">\n<tbody>\n<tr class=\"woocommerce-product-attributes-item woocommerce-product-attributes-item--attribute_autor\">\n<th class=\"woocommerce-product-attributes-item__label\">AUTOR:<\/th>\n<td class=\"woocommerce-product-attributes-item__value\">\n<p>Camilla L\u00c4ckberg<\/p>\n<\/td>\n<\/tr>\n<tr class=\"woocommerce-product-attributes-item woocommerce-product-attributes-item--attribute_isbn\">\n<th class=\"woocommerce-product-attributes-item__label\">ISBN:<\/th>\n<td class=\"woocommerce-product-attributes-item__value\">\n<p><span>978-84-234-3232-5<\/span><\/p>\n<\/td>\n<\/tr>\n<tr class=\"woocommerce-product-attributes-item woocommerce-product-attributes-item--attribute_p%c3%a1ginas\">\n<th class=\"woocommerce-product-attributes-item__label\">P\u00c1GINAS:<\/th>\n<td class=\"woocommerce-product-attributes-item__value\">\n<p>192<\/p>\n<\/td>\n<\/tr>\n<tr class=\"woocommerce-product-attributes-item woocommerce-product-attributes-item--attribute_idioma\">\n<th class=\"woocommerce-product-attributes-item__label\">IDIOMA:<\/th>\n<td class=\"woocommerce-product-attributes-item__value\">\n<p>Castellano<\/p>\n<\/td>\n<\/tr>\n<\/tbody>\n<\/table>\n<table class=\"woocommerce-product-attributes shop_attributes\" width=\"317\" height=\"214\"><\/table>\n<p><a href=\"https:\/\/www.booksonline.es\/es\/coleccion\/novela\" title=\"Art\u00edculos de la colecci\u00f3n\"><\/a><\/p>[\/et_pb_text][et_pb_button button_url=\u00bbhttps:\/\/www.booksonline.es\/es\/libros\/la-virtud-del-egoismo_0010295221&#8243; url_new_window=\u00bbon\u00bb button_text=\u00bbA\u00d1ADIR AL CARRITO\u00bb button_alignment=\u00bbleft\u00bb _builder_version=\u00bb4.9.7&#8243; _module_preset=\u00bbdefault\u00bb custom_button=\u00bbon\u00bb button_text_size=\u00bb17px\u00bb button_text_color=\u00bb#FFFFFF\u00bb button_bg_color=\u00bb#7CDA24&#8243; button_border_width=\u00bb0px\u00bb button_letter_spacing=\u00bb1px\u00bb button_font=\u00bb|700||on|||||\u00bb button_use_icon=\u00bboff\u00bb background_layout=\u00bbdark\u00bb custom_margin=\u00bb|||57px||\u00bb hover_enabled=\u00bb0&#8243; box_shadow_style=\u00bbpreset6&#8243; sticky_enabled=\u00bb0&#8243;][\/et_pb_button][et_pb_social_media_follow _builder_version=\u00bb4.9.3&#8243; _module_preset=\u00bbdefault\u00bb custom_margin=\u00bb19px|||||\u00bb custom_padding=\u00bb|||56px||\u00bb][et_pb_social_media_follow_network social_network=\u00bbfacebook\u00bb url=\u00bbhttps:\/\/www.facebook.com\/booksonline.es\/\u00bb _builder_version=\u00bb4.9.3&#8243; _module_preset=\u00bbdefault\u00bb background_color=\u00bb#3b5998&#8243; follow_button=\u00bboff\u00bb url_new_window=\u00bbon\u00bb]facebook[\/et_pb_social_media_follow_network][et_pb_social_media_follow_network social_network=\u00bbinstagram\u00bb url=\u00bbhttps:\/\/www.instagram.com\/booksonline.es\/\u00bb _builder_version=\u00bb4.9.3&#8243; _module_preset=\u00bbdefault\u00bb background_color=\u00bb#ea2c59&#8243; follow_button=\u00bboff\u00bb url_new_window=\u00bbon\u00bb]instagram[\/et_pb_social_media_follow_network][\/et_pb_social_media_follow][\/et_pb_column][et_pb_column type=\u00bb1_2&#8243; _builder_version=\u00bb4.9.3&#8243; _module_preset=\u00bbdefault\u00bb][et_pb_text _builder_version=\u00bb4.9.4&#8243; _module_preset=\u00bbdefault\u00bb text_font=\u00bb||||||||\u00bb text_text_color=\u00bb#68d800&#8243; text_font_size=\u00bb28px\u00bb text_line_height=\u00bb1.1em\u00bb header_4_font=\u00bbAbel||||||||\u00bb header_4_font_size=\u00bb54px\u00bb width=\u00bb100%\u00bb max_width=\u00bb100%\u00bb min_height=\u00bb44.6px\u00bb custom_margin=\u00bb-2px|||||\u00bb custom_padding=\u00bb10px||0px|37px||\u00bb]<p><span style=\"font-size: xx-large; color: #7cda24;\"><strong>LA VIRTUD DEL EGO\u00cdSMO<\/strong><\/span><\/p>[\/et_pb_text][et_pb_text _builder_version=\u00bb4.9.4&#8243; _module_preset=\u00bbdefault\u00bb text_line_height=\u00bb1.3em\u00bb header_font_size=\u00bb10px\u00bb height=\u00bb712px\u00bb max_height=\u00bb1000px\u00bb custom_margin=\u00bb||-638px|||\u00bb custom_padding=\u00bb22px||0px|38px||\u00bb]<h1><strong><span style=\"font-size: medium;\"> <span>Sus ideas se han discutido <\/span><\/span><\/strong><\/h1>\n<h1><strong><span style=\"font-size: medium;\"><span>con pasi\u00f3n y defendido con ah\u00ednco<\/span><\/span><\/strong><\/h1>\n<p><strong><span style=\"font-size: medium;\"><\/span><\/strong><\/p>[\/et_pb_text][et_pb_text _builder_version=\u00bb4.9.7&#8243; _module_preset=\u00bbdefault\u00bb width=\u00bb91.7%\u00bb custom_margin=\u00bb23px|||||\u00bb custom_padding=\u00bb|||38px||\u00bb hover_enabled=\u00bb0&#8243; sticky_enabled=\u00bb0&#8243;]<div id=\"detpestanias\">\n<div id=\"tabsinopsis\">\n<p itemprop=\"description\" class=\"bodytext\" style=\"text-align: justify;\"><span>Ayn Rand fue una escritora y fil\u00f3sofa rusa, nacionalizada estadounidense, Vivi\u00f3 77 a\u00f1os y hace 40 que falleci\u00f3. A pesar del paso tiempo su pensamiento es de lo m\u00e1s actual. Estamos ante la mejor exposici\u00f3n de los principios morales del Objetivismo, donde el hombre es un ser heroico, el prop\u00f3sito moral de su vida es la felicidad, su actividad m\u00e1s noble el logro productivo y la raz\u00f3n la verdad absoluta.<\/span><\/p>\n<p><span>Su legado contin\u00faa siendo enormemente influyente tanto para los conservadores como para los liberales americanos, as\u00ed como como para el resto del mundo. Cuestiona el eje \u201cmisticismo-altruismo-colectivismo\u201d frente al de la \u201craz\u00f3n-ego\u00edsmo-capitalismo.\u201d El t\u00edtulo de su obra ya es transgresor \u201cLa virtud del ego\u00edsmo\u201d y no es exactamente lo que algunos est\u00e1n pensando, sino que el ego\u00edsmo consiste en que la preocupaci\u00f3n por el propio inter\u00e9s es la esencia de una existencia moral. Por lo tanto nuestras acciones ser\u00e1n buenas siempre y cuando tengan como objetivo el propio beneficio, si est\u00e9 esta guiado por la raz\u00f3n.<\/span><\/p>\n<p><span>Sus ideas se han discutido con pasi\u00f3n y defendido con ah\u00ednco durante m\u00e1s de medio siglo. El tema es el individualismo, la libertad, y el rechazo a la vocaci\u00f3n totalitaria de los estados y a los instintos tir\u00e1nicos de aquellos que quieren imponernos soluciones colectivistas. Un desaf\u00edo que todav\u00eda hoy sigue vigente y nos amenaza. Considera que el colectivismo es incompatible con la naturaleza del hombre, que la Ley limita a la sociedad y al Estado en beneficio de los derechos del individuo y que la Constituci\u00f3n debe limitar al Gobierno y no a los ciudadanos. Para que una sociedad sea libre, su Gobierno no puede serlo. El Estado no puede tener otros derechos que los propios de sus ciudadanos, no hay derechos colectivos frente a derechos individuales, y el derecho de autodeterminaci\u00f3n (que no existe como derecho) s\u00f3lo puede entenderse si esta encaminado a constituir sociedades libres. Cuestiona los derechos nacionales, como una forma de aplastar los verdaderos derechos, los derechos individuales.<\/span><\/p>\n<\/div>\n<\/div>[\/et_pb_text][\/et_pb_column][\/et_pb_row][\/et_pb_section]\n","protected":false},"excerpt":{"rendered":"<p>AUTOR: Camilla L\u00c4ckberg ISBN: 978-84-234-3232-5 P\u00c1GINAS: 192 IDIOMA: Castellano LA VIRTUD DEL EGO\u00cdSMO Sus ideas se han discutido con pasi\u00f3n y defendido con ah\u00ednco Ayn Rand fue una escritora y fil\u00f3sofa rusa, nacionalizada estadounidense, Vivi\u00f3 77 a\u00f1os y hace 40 que falleci\u00f3. A pesar del paso tiempo su pensamiento es de lo m\u00e1s actual. Estamos [&hellip;]<\/p>\n","protected":false},"author":1,"featured_media":9330,"comment_status":"open","ping_status":"open","sticky":false,"template":"","format":"standard","meta":{"_et_pb_use_builder":"on","_et_pb_old_content":"","_et_gb_content_width":"","footnotes":""},"categories":[285],"tags":[],"class_list":["post-9329","post","type-post","status-publish","format-standard","has-post-thumbnail","hentry","category-blog","et-has-post-format-content","et_post_format-et-post-format-standard"],"_links":{"self":[{"href":"https:\/\/v31.es\/booksonline\/wp-json\/wp\/v2\/posts\/9329","targetHints":{"allow":["GET"]}}],"collection":[{"href":"https:\/\/v31.es\/booksonline\/wp-json\/wp\/v2\/posts"}],"about":[{"href":"https:\/\/v31.es\/booksonline\/wp-json\/wp\/v2\/types\/post"}],"author":[{"embeddable":true,"href":"https:\/\/v31.es\/booksonline\/wp-json\/wp\/v2\/users\/1"}],"replies":[{"embeddable":true,"href":"https:\/\/v31.es\/booksonline\/wp-json\/wp\/v2\/comments?post=9329"}],"version-history":[{"count":3,"href":"https:\/\/v31.es\/booksonline\/wp-json\/wp\/v2\/posts\/9329\/revisions"}],"predecessor-version":[{"id":9334,"href":"https:\/\/v31.es\/booksonline\/wp-json\/wp\/v2\/posts\/9329\/revisions\/9334"}],"wp:featuredmedia":[{"embeddable":true,"href":"https:\/\/v31.es\/booksonline\/wp-json\/wp\/v2\/media\/9330"}],"wp:attachment":[{"href":"https:\/\/v31.es\/booksonline\/wp-json\/wp\/v2\/media?parent=9329"}],"wp:term":[{"taxonomy":"category","embeddable":true,"href":"https:\/\/v31.es\/booksonline\/wp-json\/wp\/v2\/categories?post=9329"},{"taxonomy":"post_tag","embeddable":true,"href":"https:\/\/v31.es\/booksonline\/wp-json\/wp\/v2\/tags?post=9329"}],"curies":[{"name":"wp","href":"https:\/\/api.w.org\/{rel}","templated":true}]}}