{"id":9374,"date":"2021-05-12T12:15:00","date_gmt":"2021-05-12T10:15:00","guid":{"rendered":"https:\/\/v31.es\/booksonline\/?p=9374"},"modified":"2021-06-30T12:48:42","modified_gmt":"2021-06-30T10:48:42","slug":"el-sonido-de-las-olas","status":"publish","type":"post","link":"https:\/\/v31.es\/booksonline\/2021\/05\/12\/el-sonido-de-las-olas\/","title":{"rendered":"El SONIDO DE LAS OLAS"},"content":{"rendered":"\n[et_pb_section fb_built=\u00bb1&#8243; _builder_version=\u00bb4.9.3&#8243; _module_preset=\u00bbdefault\u00bb custom_padding=\u00bb34px|||||\u00bb][et_pb_row column_structure=\u00bb1_2,1_2&#8243; _builder_version=\u00bb4.9.3&#8243; _module_preset=\u00bbdefault\u00bb width=\u00bb100%\u00bb max_width=\u00bb959px\u00bb height=\u00bb1000px\u00bb max_height=\u00bb1000px\u00bb][et_pb_column type=\u00bb1_2&#8243; _builder_version=\u00bb4.9.3&#8243; _module_preset=\u00bbdefault\u00bb][et_pb_image src=\u00bbhttps:\/\/v31.es\/booksonline\/wp-content\/uploads\/2021\/06\/El_Sonido_de_las_olas.jpg\u00bb alt=\u00bbEl sonido de las olas\u00bb title_text=\u00bbEl_Sonido_de_las_olas\u00bb _builder_version=\u00bb4.9.7&#8243; _module_preset=\u00bbdefault\u00bb custom_padding=\u00bb|0px|36px|||\u00bb hover_enabled=\u00bb0&#8243; sticky_enabled=\u00bb0&#8243; ab_goal=\u00bbon\u00bb][\/et_pb_image][et_pb_text _builder_version=\u00bb4.9.3&#8243; _module_preset=\u00bbdefault\u00bb text_line_height=\u00bb1em\u00bb min_height=\u00bb235.3px\u00bb custom_margin=\u00bb|-1px|-184px|58px||\u00bb custom_padding=\u00bb|60px|0px|||\u00bb]<table class=\"woocommerce-product-attributes shop_attributes\">\n<tbody>\n<tr class=\"woocommerce-product-attributes-item woocommerce-product-attributes-item--attribute_autor\">\n<th class=\"woocommerce-product-attributes-item__label\">AUTOR:<\/th>\n<td class=\"woocommerce-product-attributes-item__value\">\n<p>Margarita Garc\u00eda Robayo<\/p>\n<\/td>\n<\/tr>\n<tr class=\"woocommerce-product-attributes-item woocommerce-product-attributes-item--attribute_isbn\">\n<th class=\"woocommerce-product-attributes-item__label\">ISBN:<\/th>\n<td class=\"woocommerce-product-attributes-item__value\">\n<p><span>978-84-204-5571-6<\/span><\/p>\n<\/td>\n<\/tr>\n<tr class=\"woocommerce-product-attributes-item woocommerce-product-attributes-item--attribute_p%c3%a1ginas\">\n<th class=\"woocommerce-product-attributes-item__label\">P\u00c1GINAS:<\/th>\n<td class=\"woocommerce-product-attributes-item__value\">\n<p>288<\/p>\n<\/td>\n<\/tr>\n<tr class=\"woocommerce-product-attributes-item woocommerce-product-attributes-item--attribute_idioma\">\n<th class=\"woocommerce-product-attributes-item__label\">IDIOMA:<\/th>\n<td class=\"woocommerce-product-attributes-item__value\">\n<p>Castellano<\/p>\n<\/td>\n<\/tr>\n<\/tbody>\n<\/table>\n<table class=\"woocommerce-product-attributes shop_attributes\" width=\"317\" height=\"214\"><\/table>\n<p><a href=\"https:\/\/www.booksonline.es\/es\/coleccion\/novela\" title=\"Art\u00edculos de la colecci\u00f3n\"><\/a><\/p>[\/et_pb_text][et_pb_button button_url=\u00bbhttps:\/\/www.booksonline.es\/es\/libros\/el-sonido-de-las-olas-mapa-de-las-lenguas_0010297254&#8243; url_new_window=\u00bbon\u00bb button_text=\u00bbA\u00d1ADIR AL CARRITO\u00bb button_alignment=\u00bbleft\u00bb _builder_version=\u00bb4.9.7&#8243; _module_preset=\u00bbdefault\u00bb custom_button=\u00bbon\u00bb button_text_size=\u00bb17px\u00bb button_text_color=\u00bb#FFFFFF\u00bb button_bg_color=\u00bb#7CDA24&#8243; button_border_width=\u00bb0px\u00bb button_letter_spacing=\u00bb1px\u00bb button_font=\u00bb|700||on|||||\u00bb button_use_icon=\u00bboff\u00bb background_layout=\u00bbdark\u00bb custom_margin=\u00bb|||57px||\u00bb hover_enabled=\u00bb0&#8243; box_shadow_style=\u00bbpreset6&#8243; sticky_enabled=\u00bb0&#8243;][\/et_pb_button][et_pb_social_media_follow _builder_version=\u00bb4.9.3&#8243; _module_preset=\u00bbdefault\u00bb custom_margin=\u00bb19px|||||\u00bb custom_padding=\u00bb|||56px||\u00bb][et_pb_social_media_follow_network social_network=\u00bbfacebook\u00bb url=\u00bbhttps:\/\/www.facebook.com\/booksonline.es\/\u00bb _builder_version=\u00bb4.9.3&#8243; _module_preset=\u00bbdefault\u00bb background_color=\u00bb#3b5998&#8243; follow_button=\u00bboff\u00bb url_new_window=\u00bbon\u00bb]facebook[\/et_pb_social_media_follow_network][et_pb_social_media_follow_network social_network=\u00bbinstagram\u00bb url=\u00bbhttps:\/\/www.instagram.com\/booksonline.es\/\u00bb _builder_version=\u00bb4.9.3&#8243; _module_preset=\u00bbdefault\u00bb background_color=\u00bb#ea2c59&#8243; follow_button=\u00bboff\u00bb url_new_window=\u00bbon\u00bb]instagram[\/et_pb_social_media_follow_network][\/et_pb_social_media_follow][\/et_pb_column][et_pb_column type=\u00bb1_2&#8243; _builder_version=\u00bb4.9.3&#8243; _module_preset=\u00bbdefault\u00bb][et_pb_text _builder_version=\u00bb4.9.4&#8243; _module_preset=\u00bbdefault\u00bb text_font=\u00bb||||||||\u00bb text_text_color=\u00bb#68d800&#8243; text_font_size=\u00bb28px\u00bb text_line_height=\u00bb1.1em\u00bb header_4_font=\u00bbAbel||||||||\u00bb header_4_font_size=\u00bb54px\u00bb width=\u00bb100%\u00bb max_width=\u00bb100%\u00bb min_height=\u00bb44.6px\u00bb custom_margin=\u00bb-2px|||||\u00bb custom_padding=\u00bb10px||0px|37px||\u00bb]<p><span style=\"font-size: xx-large; color: #7cda24;\"><strong>EL SONIDO DE LAS OLAS<\/strong><\/span><\/p>[\/et_pb_text][et_pb_text _builder_version=\u00bb4.9.7&#8243; _module_preset=\u00bbdefault\u00bb text_line_height=\u00bb1.3em\u00bb header_font_size=\u00bb10px\u00bb height=\u00bb712px\u00bb max_height=\u00bb1000px\u00bb custom_margin=\u00bb||-677px|||\u00bb custom_padding=\u00bb22px||0px|38px||\u00bb ab_subject=\u00bbon\u00bb ab_subject_id=\u00bb1&#8243;]<h1><span style=\"font-size: medium;\">Tres NOVELAS CORTAS<\/span><\/h1>\n<p><span style=\"font-size: medium;\"><\/span><\/p>[\/et_pb_text][et_pb_text _builder_version=\u00bb4.9.7&#8243; _module_preset=\u00bbdefault\u00bb text_line_height=\u00bb1.3em\u00bb header_font_size=\u00bb10px\u00bb height=\u00bb712px\u00bb max_height=\u00bb1000px\u00bb custom_margin=\u00bb||-638px|||\u00bb custom_padding=\u00bb22px||0px|38px||\u00bb ab_subject=\u00bbon\u00bb ab_subject_id=\u00bb3&#8243;]<h1><span style=\"font-size: medium;\">Una visi\u00f3n global de la crianza <\/span><\/h1>\n<h1><span style=\"font-size: medium;\">para que disfrutes por el camino<\/span><\/h1>\n<p><span style=\"font-size: medium;\"><\/span><\/p>[\/et_pb_text][et_pb_text _builder_version=\u00bb4.9.7&#8243; _module_preset=\u00bbdefault\u00bb text_line_height=\u00bb1.3em\u00bb header_font_size=\u00bb10px\u00bb height=\u00bb712px\u00bb max_height=\u00bb1000px\u00bb custom_margin=\u00bb||-638px|||\u00bb custom_padding=\u00bb22px||0px|38px||\u00bb ab_subject=\u00bbon\u00bb ab_subject_id=\u00bb2&#8243;]<h1><span style=\"font-size: medium;\">Una visi\u00f3n global de la crianza <\/span><\/h1>\n<h1><span style=\"font-size: medium;\">para que disfrutes por el camino<\/span><\/h1>\n<p><span style=\"font-size: medium;\"><\/span><\/p>[\/et_pb_text][et_pb_text _builder_version=\u00bb4.9.3&#8243; _module_preset=\u00bbdefault\u00bb width=\u00bb91.7%\u00bb custom_margin=\u00bb23px|||||\u00bb custom_padding=\u00bb|||38px||\u00bb]<div id=\"detpestanias\">\n<div id=\"tabsinopsis\">\n<p itemprop=\"description\" class=\"bodytext\" style=\"text-align: justify;\"><span>Tres novelas cortas brillantes y perturbadoras en un solo libro de Margarita Garc\u00eda, la escritora que mejor escribe sobre la intimidad. Una adolescente de clase media es la protagonista de una vida muchas veces tediosa, en una ciudad cerca del mar, de la que sue\u00f1a huir. Una ni\u00f1a observa atentamente la figura que representa su padre: un abogado que ejerce pr\u00e1cticas paranormales. Su voz inocente y su mirada l\u00facida son una b\u00fasqueda para sanar su propia historia y un texto que se mueve entre ficci\u00f3n autobiogr\u00e1fica y ensayo, ambientado en un colegio del Opus Dei del Caribe, son las tem\u00e1ticas de los tres relatos que forman \u201cEl sonido de las olas\u201d: Hasta que pase un hurac\u00e1n. Lo que no aprend\u00ed. Y Educaci\u00f3n sexual. Este \u00faltimo deja al descubierto las conexiones de una colecci\u00f3n de estampas de juventud de mujeres que se rebelan con iron\u00eda, inteligencia y arrojo frente a la tradici\u00f3n y los abusos, y que intentan reinventarse constantemente en otros mundos.<\/span><br \/><br \/><span>Es imposible describir la cruda y c\u00e1lida irreverencia de la escritura de esta colomabian de 42 a\u00f1os donde sus personajes se parecen entre sin estar de acuerdo con ello, porque no quieren parecerse a nadie.<\/span><\/p>\n<\/div>\n<\/div>[\/et_pb_text][\/et_pb_column][\/et_pb_row][\/et_pb_section]\n","protected":false},"excerpt":{"rendered":"<p>AUTOR: Margarita Garc\u00eda Robayo ISBN: 978-84-204-5571-6 P\u00c1GINAS: 288 IDIOMA: Castellano EL SONIDO DE LAS OLASTres NOVELAS CORTAS Una visi\u00f3n global de la crianza para que disfrutes por el camino Una visi\u00f3n global de la crianza para que disfrutes por el camino Tres novelas cortas brillantes y perturbadoras en un solo libro de Margarita Garc\u00eda, la [&hellip;]<\/p>\n","protected":false},"author":4,"featured_media":9376,"comment_status":"open","ping_status":"open","sticky":false,"template":"","format":"standard","meta":{"_et_pb_use_builder":"on","_et_pb_old_content":"","_et_gb_content_width":"","footnotes":""},"categories":[285],"tags":[],"class_list":["post-9374","post","type-post","status-publish","format-standard","has-post-thumbnail","hentry","category-blog","et-has-post-format-content","et_post_format-et-post-format-standard"],"_links":{"self":[{"href":"https:\/\/v31.es\/booksonline\/wp-json\/wp\/v2\/posts\/9374","targetHints":{"allow":["GET"]}}],"collection":[{"href":"https:\/\/v31.es\/booksonline\/wp-json\/wp\/v2\/posts"}],"about":[{"href":"https:\/\/v31.es\/booksonline\/wp-json\/wp\/v2\/types\/post"}],"author":[{"embeddable":true,"href":"https:\/\/v31.es\/booksonline\/wp-json\/wp\/v2\/users\/4"}],"replies":[{"embeddable":true,"href":"https:\/\/v31.es\/booksonline\/wp-json\/wp\/v2\/comments?post=9374"}],"version-history":[{"count":3,"href":"https:\/\/v31.es\/booksonline\/wp-json\/wp\/v2\/posts\/9374\/revisions"}],"predecessor-version":[{"id":9396,"href":"https:\/\/v31.es\/booksonline\/wp-json\/wp\/v2\/posts\/9374\/revisions\/9396"}],"wp:featuredmedia":[{"embeddable":true,"href":"https:\/\/v31.es\/booksonline\/wp-json\/wp\/v2\/media\/9376"}],"wp:attachment":[{"href":"https:\/\/v31.es\/booksonline\/wp-json\/wp\/v2\/media?parent=9374"}],"wp:term":[{"taxonomy":"category","embeddable":true,"href":"https:\/\/v31.es\/booksonline\/wp-json\/wp\/v2\/categories?post=9374"},{"taxonomy":"post_tag","embeddable":true,"href":"https:\/\/v31.es\/booksonline\/wp-json\/wp\/v2\/tags?post=9374"}],"curies":[{"name":"wp","href":"https:\/\/api.w.org\/{rel}","templated":true}]}}