{"id":9414,"date":"2021-06-10T12:07:00","date_gmt":"2021-06-10T10:07:00","guid":{"rendered":"https:\/\/v31.es\/booksonline\/?p=9414"},"modified":"2021-07-08T12:16:10","modified_gmt":"2021-07-08T10:16:10","slug":"feria","status":"publish","type":"post","link":"https:\/\/v31.es\/booksonline\/2021\/06\/10\/feria\/","title":{"rendered":"Feria"},"content":{"rendered":"<p>[et_pb_section fb_built=\u00bb1&#8243; _builder_version=\u00bb4.9.3&#8243; _module_preset=\u00bbdefault\u00bb custom_padding=\u00bb34px|||||\u00bb][et_pb_row column_structure=\u00bb1_2,1_2&#8243; _builder_version=\u00bb4.9.3&#8243; _module_preset=\u00bbdefault\u00bb width=\u00bb100%\u00bb max_width=\u00bb959px\u00bb height=\u00bb1000px\u00bb max_height=\u00bb1000px\u00bb][et_pb_column type=\u00bb1_2&#8243; _builder_version=\u00bb4.9.3&#8243; _module_preset=\u00bbdefault\u00bb][et_pb_image src=\u00bbhttps:\/\/v31.es\/booksonline\/wp-content\/uploads\/2021\/07\/FERIA.jpg\u00bb alt=\u00bbFeria\u00bb title_text=\u00bbFERIA\u00bb _builder_version=\u00bb4.9.7&#8243; _module_preset=\u00bbdefault\u00bb custom_padding=\u00bb|0px|36px|||\u00bb hover_enabled=\u00bb0&#8243; sticky_enabled=\u00bb0&#8243;][\/et_pb_image][et_pb_text _builder_version=\u00bb4.9.3&#8243; _module_preset=\u00bbdefault\u00bb text_line_height=\u00bb1em\u00bb min_height=\u00bb235.3px\u00bb custom_margin=\u00bb|-1px|-184px|58px||\u00bb custom_padding=\u00bb|60px|0px|||\u00bb]<\/p>\n<table class=\"woocommerce-product-attributes shop_attributes\">\n<tbody>\n<tr class=\"woocommerce-product-attributes-item woocommerce-product-attributes-item--attribute_autor\">\n<th class=\"woocommerce-product-attributes-item__label\">AUTOR:<\/th>\n<td class=\"woocommerce-product-attributes-item__value\">\n<p>Ana Iris Sim\u00f3n<\/p>\n<\/td>\n<\/tr>\n<tr class=\"woocommerce-product-attributes-item woocommerce-product-attributes-item--attribute_isbn\">\n<th class=\"woocommerce-product-attributes-item__label\">ISBN:<\/th>\n<td class=\"woocommerce-product-attributes-item__value\">\n<p><span>978-84-122267-2-0<\/span><\/p>\n<\/td>\n<\/tr>\n<tr class=\"woocommerce-product-attributes-item woocommerce-product-attributes-item--attribute_p%c3%a1ginas\">\n<th class=\"woocommerce-product-attributes-item__label\">P\u00c1GINAS:<\/th>\n<td class=\"woocommerce-product-attributes-item__value\">\n<p>240<\/p>\n<\/td>\n<\/tr>\n<tr class=\"woocommerce-product-attributes-item woocommerce-product-attributes-item--attribute_idioma\">\n<th class=\"woocommerce-product-attributes-item__label\">IDIOMA:<\/th>\n<td class=\"woocommerce-product-attributes-item__value\">\n<p>Castellano<\/p>\n<\/td>\n<\/tr>\n<\/tbody>\n<\/table>\n<table class=\"woocommerce-product-attributes shop_attributes\" width=\"317\" height=\"214\"><\/table>\n<p><a href=\"https:\/\/www.booksonline.es\/es\/coleccion\/novela\" title=\"Art\u00edculos de la colecci\u00f3n\"><\/a><\/p>\n<p>[\/et_pb_text][et_pb_button button_url=\u00bbhttps:\/\/www.booksonline.es\/es\/libros\/feria_MAC0004986&#8243; url_new_window=\u00bbon\u00bb button_text=\u00bbA\u00d1ADIR AL CARRITO\u00bb button_alignment=\u00bbleft\u00bb _builder_version=\u00bb4.9.7&#8243; _module_preset=\u00bbdefault\u00bb custom_button=\u00bbon\u00bb button_text_size=\u00bb17px\u00bb button_text_color=\u00bb#FFFFFF\u00bb button_bg_color=\u00bb#7CDA24&#8243; button_border_width=\u00bb0px\u00bb button_letter_spacing=\u00bb1px\u00bb button_font=\u00bb|700||on|||||\u00bb button_use_icon=\u00bboff\u00bb background_layout=\u00bbdark\u00bb custom_margin=\u00bb|||57px||\u00bb hover_enabled=\u00bb0&#8243; box_shadow_style=\u00bbpreset6&#8243; sticky_enabled=\u00bb0&#8243;][\/et_pb_button][et_pb_social_media_follow _builder_version=\u00bb4.9.3&#8243; _module_preset=\u00bbdefault\u00bb custom_margin=\u00bb19px|||||\u00bb custom_padding=\u00bb|||56px||\u00bb][et_pb_social_media_follow_network social_network=\u00bbfacebook\u00bb url=\u00bbhttps:\/\/www.facebook.com\/booksonline.es\/\u00bb _builder_version=\u00bb4.9.3&#8243; _module_preset=\u00bbdefault\u00bb background_color=\u00bb#3b5998&#8243; follow_button=\u00bboff\u00bb url_new_window=\u00bbon\u00bb]facebook[\/et_pb_social_media_follow_network][et_pb_social_media_follow_network social_network=\u00bbinstagram\u00bb url=\u00bbhttps:\/\/www.instagram.com\/booksonline.es\/\u00bb _builder_version=\u00bb4.9.3&#8243; _module_preset=\u00bbdefault\u00bb background_color=\u00bb#ea2c59&#8243; follow_button=\u00bboff\u00bb url_new_window=\u00bbon\u00bb]instagram[\/et_pb_social_media_follow_network][\/et_pb_social_media_follow][\/et_pb_column][et_pb_column type=\u00bb1_2&#8243; _builder_version=\u00bb4.9.3&#8243; _module_preset=\u00bbdefault\u00bb][et_pb_text _builder_version=\u00bb4.9.4&#8243; _module_preset=\u00bbdefault\u00bb text_font=\u00bb||||||||\u00bb text_text_color=\u00bb#68d800&#8243; text_font_size=\u00bb28px\u00bb text_line_height=\u00bb1.1em\u00bb header_4_font=\u00bbAbel||||||||\u00bb header_4_font_size=\u00bb54px\u00bb width=\u00bb100%\u00bb max_width=\u00bb100%\u00bb min_height=\u00bb44.6px\u00bb custom_margin=\u00bb-2px|||||\u00bb custom_padding=\u00bb10px||0px|37px||\u00bb]<\/p>\n<p><span style=\"font-size: xx-large; color: #7cda24;\"><strong>FERIA<\/strong><\/span><\/p>\n<p>[\/et_pb_text][et_pb_text _builder_version=\u00bb4.9.7&#8243; _module_preset=\u00bbdefault\u00bb text_line_height=\u00bb1.3em\u00bb header_font_size=\u00bb10px\u00bb height=\u00bb712px\u00bb max_height=\u00bb1000px\u00bb custom_margin=\u00bb||-638px|||\u00bb custom_padding=\u00bb22px||0px|38px||\u00bb hover_enabled=\u00bb0&#8243; sticky_enabled=\u00bb0&#8243;]<\/p>\n<h1><span style=\"font-size: medium;\"><span>es una oda salvaje <\/span><\/span><\/h1>\n<h1><span style=\"font-size: medium;\"><span>a una Espa\u00f1a que ya no existe<\/span><\/span><\/h1>\n<p><span style=\"font-size: medium;\"><\/span><\/p>\n<p>[\/et_pb_text][et_pb_text _builder_version=\u00bb4.9.3&#8243; _module_preset=\u00bbdefault\u00bb width=\u00bb91.7%\u00bb custom_margin=\u00bb23px|||||\u00bb custom_padding=\u00bb|||38px||\u00bb]<\/p>\n<div id=\"detpestanias\">\n<div id=\"tabsinopsis\">\n<p itemprop=\"description\" class=\"bodytext\" style=\"text-align: justify;\"><span>Ana Iris, 29 a\u00f1os, va a ser mam\u00e1. Naci\u00f3 en Campo de Criptana. Estudi\u00f3 en Aranjuez. Curs\u00f3 Periodismo y Comunicaci\u00f3n mientras doblaba camisetas en Desigual y hac\u00eda de gu\u00eda en el edificio de Telef\u00f3nica en Gran V\u00eda. De su primer trabajo en Telva, paso a redactora en Vice. Con 28 a\u00f1os ha sido testigo de tres ERE. Acaba de dejar Madrid y se ha ido a una ciudad de provincias, en parte porque envidia la vida que ten\u00edan sus padres a su edad. \u201cFeria\u201d es su primer libro y ha venido a la par que su primer embarazo.<\/span><\/p>\n<p><span>Ana Iris creci\u00f3 escuchando a sus abuelos el relato de dos mundos que se desvanecen. Unos, feriantes, quej\u00e1ndose de que cada vez ten\u00edan m\u00e1s trampas y menos perras, porque a medida que la vida se convert\u00eda en una feria \u2014la de las vanidades\u2014, la aut\u00e9ntica feria dejaba de tener sentido. Los otros abuelos, campesinos, le transmitieron el arraigo m\u00e1gico de la tierra. Y fue ese abuelo el que la llev\u00f3 un d\u00eda a un almendro y le dijo que lo hab\u00eda plantado \u00e9l, as\u00ed que para ella era su sombra.<\/span><\/p>\n<p><span>Feria es una oda salvaje a una Espa\u00f1a que ya no existe, que ya no es. La que cab\u00eda en la foto que llevaba su abuelo en la cartera con un gitano a un lado y al otro un Guardia Civil. Un relato deslenguado y directo de un tiempo no tan lejano en el que importaba m\u00e1s que los ni\u00f1os disfrutaran tirando petardos que el susto que se llevasen los perros. Tambi\u00e9n es una advertencia de que la infancia rural, adem\u00e1s de respirar aire puro, es conocer la ubicaci\u00f3n del puticlub y re\u00edrse con el tonto del pueblo. Un repaso a las grietas de la modernidad y una invitaci\u00f3n a volver a mirar lo sagrado del mundo: la tradici\u00f3n, la estirpe, el habla, el territorio. Y a no olvidar que lo \u00fanico que nos sostiene es, al fin, la memoria.<\/span><\/p>\n<\/div>\n<\/div>\n<p>[\/et_pb_text][\/et_pb_column][\/et_pb_row][\/et_pb_section]<\/p>\n","protected":false},"excerpt":{"rendered":"<p>AUTOR: Ana Iris Sim\u00f3n ISBN: 978-84-122267-2-0 P\u00c1GINAS: 240 IDIOMA: Castellano FERIAes una oda salvaje a una Espa\u00f1a que ya no existe Ana Iris, 29 a\u00f1os, va a ser mam\u00e1. Naci\u00f3 en Campo de Criptana. Estudi\u00f3 en Aranjuez. Curs\u00f3 Periodismo y Comunicaci\u00f3n mientras doblaba camisetas en Desigual y hac\u00eda de gu\u00eda en el edificio de Telef\u00f3nica [&hellip;]<\/p>\n","protected":false},"author":4,"featured_media":9415,"comment_status":"open","ping_status":"open","sticky":false,"template":"","format":"standard","meta":{"_et_pb_use_builder":"on","_et_pb_old_content":"","_et_gb_content_width":"","footnotes":""},"categories":[285],"tags":[],"class_list":["post-9414","post","type-post","status-publish","format-standard","has-post-thumbnail","hentry","category-blog","et-has-post-format-content","et_post_format-et-post-format-standard"],"_links":{"self":[{"href":"https:\/\/v31.es\/booksonline\/wp-json\/wp\/v2\/posts\/9414","targetHints":{"allow":["GET"]}}],"collection":[{"href":"https:\/\/v31.es\/booksonline\/wp-json\/wp\/v2\/posts"}],"about":[{"href":"https:\/\/v31.es\/booksonline\/wp-json\/wp\/v2\/types\/post"}],"author":[{"embeddable":true,"href":"https:\/\/v31.es\/booksonline\/wp-json\/wp\/v2\/users\/4"}],"replies":[{"embeddable":true,"href":"https:\/\/v31.es\/booksonline\/wp-json\/wp\/v2\/comments?post=9414"}],"version-history":[{"count":3,"href":"https:\/\/v31.es\/booksonline\/wp-json\/wp\/v2\/posts\/9414\/revisions"}],"predecessor-version":[{"id":9419,"href":"https:\/\/v31.es\/booksonline\/wp-json\/wp\/v2\/posts\/9414\/revisions\/9419"}],"wp:featuredmedia":[{"embeddable":true,"href":"https:\/\/v31.es\/booksonline\/wp-json\/wp\/v2\/media\/9415"}],"wp:attachment":[{"href":"https:\/\/v31.es\/booksonline\/wp-json\/wp\/v2\/media?parent=9414"}],"wp:term":[{"taxonomy":"category","embeddable":true,"href":"https:\/\/v31.es\/booksonline\/wp-json\/wp\/v2\/categories?post=9414"},{"taxonomy":"post_tag","embeddable":true,"href":"https:\/\/v31.es\/booksonline\/wp-json\/wp\/v2\/tags?post=9414"}],"curies":[{"name":"wp","href":"https:\/\/api.w.org\/{rel}","templated":true}]}}