{"id":9681,"date":"2021-08-19T07:51:00","date_gmt":"2021-08-19T05:51:00","guid":{"rendered":"https:\/\/v31.es\/booksonline\/?p=9681"},"modified":"2021-10-25T09:22:06","modified_gmt":"2021-10-25T07:22:06","slug":"9681","status":"publish","type":"post","link":"https:\/\/v31.es\/booksonline\/2021\/08\/19\/9681\/","title":{"rendered":""},"content":{"rendered":"<p>[et_pb_section fb_built=\u00bb1&#8243; _builder_version=\u00bb4.9.3&#8243; _module_preset=\u00bbdefault\u00bb custom_padding=\u00bb34px|||||\u00bb global_colors_info=\u00bb{}\u00bb][et_pb_row column_structure=\u00bb1_2,1_2&#8243; _builder_version=\u00bb4.9.3&#8243; _module_preset=\u00bbdefault\u00bb width=\u00bb100%\u00bb max_width=\u00bb959px\u00bb height=\u00bb1000px\u00bb max_height=\u00bb1000px\u00bb global_colors_info=\u00bb{}\u00bb][et_pb_column type=\u00bb1_2&#8243; _builder_version=\u00bb4.9.3&#8243; _module_preset=\u00bbdefault\u00bb global_colors_info=\u00bb{}\u00bb][et_pb_image src=\u00bbhttps:\/\/v31.es\/booksonline\/wp-content\/uploads\/2021\/10\/Los_Vencejos.jpg\u00bb alt=\u00bbEs la macrobi\u00f3tica idiota\u00bb title_text=\u00bbLos_Vencejos\u00bb _builder_version=\u00bb4.11.4&#8243; _module_preset=\u00bbdefault\u00bb custom_padding=\u00bb|0px|36px|||\u00bb global_colors_info=\u00bb{}\u00bb][\/et_pb_image][et_pb_text _builder_version=\u00bb4.9.3&#8243; _module_preset=\u00bbdefault\u00bb text_line_height=\u00bb1em\u00bb min_height=\u00bb235.3px\u00bb custom_margin=\u00bb|-1px|-184px|58px||\u00bb custom_padding=\u00bb|60px|0px|||\u00bb global_colors_info=\u00bb{}\u00bb]<\/p>\n<table class=\"woocommerce-product-attributes shop_attributes\">\n<tbody>\n<tr class=\"woocommerce-product-attributes-item woocommerce-product-attributes-item--attribute_autor\">\n<th class=\"woocommerce-product-attributes-item__label\">AUTOR:<\/th>\n<td class=\"woocommerce-product-attributes-item__value\">\n<p><a href=\"https:\/\/www.booksonline.es\/es\/autor\/arponen-sari\/\" title=\"Ver los libros del autor: Arponen, Sari\">F<\/a>ernando Aramburu<\/p>\n<\/td>\n<\/tr>\n<tr class=\"woocommerce-product-attributes-item woocommerce-product-attributes-item--attribute_isbn\">\n<th class=\"woocommerce-product-attributes-item__label\">ISBN:<\/th>\n<td class=\"woocommerce-product-attributes-item__value\">\n<p><span>978-84-11-07012-6<\/span><\/p>\n<\/td>\n<\/tr>\n<tr class=\"woocommerce-product-attributes-item woocommerce-product-attributes-item--attribute_p%c3%a1ginas\">\n<th class=\"woocommerce-product-attributes-item__label\">P\u00c1GINAS:<\/th>\n<td class=\"woocommerce-product-attributes-item__value\">\n<p>704<\/p>\n<\/td>\n<\/tr>\n<tr class=\"woocommerce-product-attributes-item woocommerce-product-attributes-item--attribute_idioma\">\n<th class=\"woocommerce-product-attributes-item__label\">IDIOMA:<\/th>\n<td class=\"woocommerce-product-attributes-item__value\">\n<p>Castellano<\/p>\n<\/td>\n<\/tr>\n<\/tbody>\n<\/table>\n<table class=\"woocommerce-product-attributes shop_attributes\" width=\"317\" height=\"214\"><\/table>\n<p><a href=\"https:\/\/www.booksonline.es\/es\/coleccion\/novela\" title=\"Art\u00edculos de la colecci\u00f3n\"><\/a><\/p>\n<p>[\/et_pb_text][et_pb_button button_url=\u00bbbooksonline.es\/es\/libros\/los-vencejos-edicion-tapa-dura_0010308500&#8243; url_new_window=\u00bbon\u00bb button_text=\u00bbA\u00d1ADIR AL CARRITO\u00bb button_alignment=\u00bbleft\u00bb _builder_version=\u00bb4.11.4&#8243; _module_preset=\u00bbdefault\u00bb custom_button=\u00bbon\u00bb button_text_size=\u00bb17px\u00bb button_text_color=\u00bb#FFFFFF\u00bb button_bg_color=\u00bb#7CDA24&#8243; button_border_width=\u00bb0px\u00bb button_letter_spacing=\u00bb1px\u00bb button_font=\u00bb|700||on|||||\u00bb button_use_icon=\u00bboff\u00bb background_layout=\u00bbdark\u00bb custom_margin=\u00bb|||57px||\u00bb hover_enabled=\u00bb0&#8243; box_shadow_style=\u00bbpreset6&#8243; global_colors_info=\u00bb{}\u00bb sticky_enabled=\u00bb0&#8243;][\/et_pb_button][et_pb_social_media_follow _builder_version=\u00bb4.9.3&#8243; _module_preset=\u00bbdefault\u00bb custom_margin=\u00bb19px|||||\u00bb custom_padding=\u00bb|||56px||\u00bb global_colors_info=\u00bb{}\u00bb][et_pb_social_media_follow_network social_network=\u00bbfacebook\u00bb url=\u00bbhttps:\/\/www.facebook.com\/booksonline.es\/\u00bb _builder_version=\u00bb4.9.3&#8243; _module_preset=\u00bbdefault\u00bb background_color=\u00bb#3b5998&#8243; global_colors_info=\u00bb{}\u00bb follow_button=\u00bboff\u00bb url_new_window=\u00bbon\u00bb]facebook[\/et_pb_social_media_follow_network][et_pb_social_media_follow_network social_network=\u00bbinstagram\u00bb url=\u00bbhttps:\/\/www.instagram.com\/booksonline.es\/\u00bb _builder_version=\u00bb4.9.3&#8243; _module_preset=\u00bbdefault\u00bb background_color=\u00bb#ea2c59&#8243; global_colors_info=\u00bb{}\u00bb follow_button=\u00bboff\u00bb url_new_window=\u00bbon\u00bb]instagram[\/et_pb_social_media_follow_network][\/et_pb_social_media_follow][\/et_pb_column][et_pb_column type=\u00bb1_2&#8243; _builder_version=\u00bb4.9.3&#8243; _module_preset=\u00bbdefault\u00bb global_colors_info=\u00bb{}\u00bb][et_pb_text _builder_version=\u00bb4.11.4&#8243; _module_preset=\u00bbdefault\u00bb text_font=\u00bb||||||||\u00bb text_text_color=\u00bb#68d800&#8243; text_font_size=\u00bb28px\u00bb text_line_height=\u00bb1.1em\u00bb header_4_font=\u00bbAbel||||||||\u00bb header_4_font_size=\u00bb54px\u00bb width=\u00bb100%\u00bb max_width=\u00bb100%\u00bb min_height=\u00bb44.6px\u00bb custom_margin=\u00bb-2px|||||\u00bb custom_padding=\u00bb10px||0px|37px||\u00bb hover_enabled=\u00bb0&#8243; global_colors_info=\u00bb{}\u00bb sticky_enabled=\u00bb0&#8243;]<\/p>\n<p><span style=\"font-size: xx-large; color: #7cda24;\"><strong>LOS VENCEJOS<\/strong><\/span><\/p>\n<p><span style=\"font-size: xx-large; color: #7cda24;\"><strong><\/strong><\/span><\/p>\n<p>[\/et_pb_text][et_pb_text _builder_version=\u00bb4.9.7&#8243; _module_preset=\u00bbdefault\u00bb text_line_height=\u00bb1.3em\u00bb header_font_size=\u00bb10px\u00bb height=\u00bb712px\u00bb max_height=\u00bb1000px\u00bb custom_margin=\u00bb-37px||-638px|||\u00bb custom_padding=\u00bb22px||0px|38px||\u00bb global_colors_info=\u00bb{}\u00bb]<\/p>\n<h1><span style=\"font-size: medium;\"><span>un profesor de instituto <\/span><\/span><\/h1>\n<h1><span style=\"font-size: medium;\"><span>enfadado con el mundo<\/span><\/span><\/h1>\n<p><span style=\"font-size: medium;\"><\/span><\/p>\n<p>[\/et_pb_text][et_pb_text _builder_version=\u00bb4.9.3&#8243; _module_preset=\u00bbdefault\u00bb width=\u00bb91.7%\u00bb custom_margin=\u00bb23px|||||\u00bb custom_padding=\u00bb|||38px||\u00bb global_colors_info=\u00bb{}\u00bb]<\/p>\n<div id=\"detpestanias\">\n<div id=\"tabsinopsis\">\n<p itemprop=\"description\" class=\"bodytext\" style=\"text-align: justify;\"><span>El 25 de agosto sale a la venta la \u00faltima novela de Fernando Aramburu. \u201cLos vencejos\u201d nos cuenta en 700 p\u00e1ginas la historia de Toni, un profesor de instituto enfadado con el mundo, que decide poner fin a su vida. Meticuloso y sereno, tiene elegida la fecha: dentro de un a\u00f1o. Hasta entonces cada noche redactar\u00e1, en el piso que comparte con su perra Pepa y una biblioteca de la que se va desprendiendo, una cr\u00f3nica personal, dura y descre\u00edda, pero no menos tierna y humor\u00edstica. Con ella espera descubrir las razones de su radical decisi\u00f3n, desvelar hasta la \u00faltima part\u00edcula de su intimidad, contar su pasado y los muchos asuntos cotidianos de una Espa\u00f1a pol\u00edticamente convulsa. Aparecer\u00e1n, diseccionados con implacable bistur\u00ed, sus padres, un hermano al que no soporta, su exmujer Amalia, de la que no logra desconectarse, y su problem\u00e1tico hijo Nikita; pero tambi\u00e9n su c\u00e1ustico amigo Patachula. Y una inesperada \u00c1gueda. Y en la sucesi\u00f3n de episodios amorosos y familiares de esta adictiva constelaci\u00f3n humana, Toni, hombre desorientado empe\u00f1ado en hacer recuento de sus ruinas, insufla, parad\u00f3jicamente, una inolvidable lecci\u00f3n de vida<\/span><\/p>\n<\/div>\n<\/div>\n<p>[\/et_pb_text][\/et_pb_column][\/et_pb_row][\/et_pb_section]<\/p>\n","protected":false},"excerpt":{"rendered":"<p>AUTOR: Fernando Aramburu ISBN: 978-84-11-07012-6 P\u00c1GINAS: 704 IDIOMA: Castellano LOS VENCEJOS un profesor de instituto enfadado con el mundo El 25 de agosto sale a la venta la \u00faltima novela de Fernando Aramburu. \u201cLos vencejos\u201d nos cuenta en 700 p\u00e1ginas la historia de Toni, un profesor de instituto enfadado con el mundo, que decide poner [&hellip;]<\/p>\n","protected":false},"author":4,"featured_media":9683,"comment_status":"open","ping_status":"open","sticky":false,"template":"","format":"standard","meta":{"_et_pb_use_builder":"on","_et_pb_old_content":"","_et_gb_content_width":"","footnotes":""},"categories":[285],"tags":[],"class_list":["post-9681","post","type-post","status-publish","format-standard","has-post-thumbnail","hentry","category-blog","et-has-post-format-content","et_post_format-et-post-format-standard"],"_links":{"self":[{"href":"https:\/\/v31.es\/booksonline\/wp-json\/wp\/v2\/posts\/9681","targetHints":{"allow":["GET"]}}],"collection":[{"href":"https:\/\/v31.es\/booksonline\/wp-json\/wp\/v2\/posts"}],"about":[{"href":"https:\/\/v31.es\/booksonline\/wp-json\/wp\/v2\/types\/post"}],"author":[{"embeddable":true,"href":"https:\/\/v31.es\/booksonline\/wp-json\/wp\/v2\/users\/4"}],"replies":[{"embeddable":true,"href":"https:\/\/v31.es\/booksonline\/wp-json\/wp\/v2\/comments?post=9681"}],"version-history":[{"count":2,"href":"https:\/\/v31.es\/booksonline\/wp-json\/wp\/v2\/posts\/9681\/revisions"}],"predecessor-version":[{"id":9686,"href":"https:\/\/v31.es\/booksonline\/wp-json\/wp\/v2\/posts\/9681\/revisions\/9686"}],"wp:featuredmedia":[{"embeddable":true,"href":"https:\/\/v31.es\/booksonline\/wp-json\/wp\/v2\/media\/9683"}],"wp:attachment":[{"href":"https:\/\/v31.es\/booksonline\/wp-json\/wp\/v2\/media?parent=9681"}],"wp:term":[{"taxonomy":"category","embeddable":true,"href":"https:\/\/v31.es\/booksonline\/wp-json\/wp\/v2\/categories?post=9681"},{"taxonomy":"post_tag","embeddable":true,"href":"https:\/\/v31.es\/booksonline\/wp-json\/wp\/v2\/tags?post=9681"}],"curies":[{"name":"wp","href":"https:\/\/api.w.org\/{rel}","templated":true}]}}