{"id":9687,"date":"2021-08-22T08:22:00","date_gmt":"2021-08-22T06:22:00","guid":{"rendered":"https:\/\/v31.es\/booksonline\/?p=9687"},"modified":"2025-05-08T12:29:06","modified_gmt":"2025-05-08T10:29:06","slug":"como-piensan-los-ricos","status":"publish","type":"post","link":"https:\/\/v31.es\/booksonline\/2021\/08\/22\/como-piensan-los-ricos\/","title":{"rendered":"Como Piensan los Ricos"},"content":{"rendered":"<p>[et_pb_section fb_built=\u00bb1&#8243; _builder_version=\u00bb4.16&#8243; _module_preset=\u00bbdefault\u00bb custom_padding=\u00bb34px|||||\u00bb global_colors_info=\u00bb{}\u00bb][et_pb_row column_structure=\u00bb1_2,1_2&#8243; _builder_version=\u00bb4.16&#8243; _module_preset=\u00bbdefault\u00bb width=\u00bb100%\u00bb max_width=\u00bb959px\u00bb height=\u00bb1000px\u00bb max_height=\u00bb1000px\u00bb global_colors_info=\u00bb{}\u00bb][et_pb_column type=\u00bb1_2&#8243; _builder_version=\u00bb4.16&#8243; _module_preset=\u00bbdefault\u00bb global_colors_info=\u00bb{}\u00bb][et_pb_image src=\u00bbhttps:\/\/v31.es\/booksonline\/wp-content\/uploads\/2025\/05\/y_el_Bajo_Cinca_SE_MANIFESTO.jpg\u00bb alt=\u00bby el Bajo Cinca \u00a1\u00a1SE MANIFESTO!!\u00bb title_text=\u00bby_el_Bajo_Cinca_SE_MANIFESTO\u00bb _builder_version=\u00bb4.27.4&#8243; _module_preset=\u00bbdefault\u00bb custom_padding=\u00bb|0px|36px|||\u00bb hover_enabled=\u00bb0&#8243; global_colors_info=\u00bb{}\u00bb sticky_enabled=\u00bb0&#8243;][\/et_pb_image][et_pb_text _builder_version=\u00bb4.16&#8243; _module_preset=\u00bbdefault\u00bb text_line_height=\u00bb1em\u00bb min_height=\u00bb235.3px\u00bb custom_margin=\u00bb|-1px|-184px|58px||\u00bb custom_padding=\u00bb|60px|0px|||\u00bb global_colors_info=\u00bb{}\u00bb]<\/p>\n<table class=\"woocommerce-product-attributes shop_attributes\">\n<tbody>\n<tr class=\"woocommerce-product-attributes-item woocommerce-product-attributes-item--attribute_autor\">\n<th class=\"woocommerce-product-attributes-item__label\">AUTOR:<\/th>\n<td class=\"woocommerce-product-attributes-item__value\">\n<p>M\u00aa Jos\u00e9 Arellano<\/p>\n<\/td>\n<\/tr>\n<tr class=\"woocommerce-product-attributes-item woocommerce-product-attributes-item--attribute_isbn\">\n<th class=\"woocommerce-product-attributes-item__label\">ISBN:<\/th>\n<td class=\"woocommerce-product-attributes-item__value\">\n<p>978-84-128667-1-1<\/p>\n<\/td>\n<\/tr>\n<tr class=\"woocommerce-product-attributes-item woocommerce-product-attributes-item--attribute_p%c3%a1ginas\">\n<th class=\"woocommerce-product-attributes-item__label\">P\u00c1GINAS:<\/th>\n<td class=\"woocommerce-product-attributes-item__value\">\n<p>310<\/p>\n<\/td>\n<\/tr>\n<tr class=\"woocommerce-product-attributes-item woocommerce-product-attributes-item--attribute_idioma\">\n<th class=\"woocommerce-product-attributes-item__label\">IDIOMA:<\/th>\n<td class=\"woocommerce-product-attributes-item__value\">\n<p>Castellano<\/p>\n<\/td>\n<\/tr>\n<\/tbody>\n<\/table>\n<table class=\"woocommerce-product-attributes shop_attributes\" width=\"317\" height=\"214\"><\/table>\n<p><a href=\"https:\/\/www.booksonline.es\/es\/coleccion\/novela\" title=\"Art\u00edculos de la colecci\u00f3n\"><\/a><\/p>\n<p>[\/et_pb_text][et_pb_button button_url=\u00bbhttps:\/\/www.booksonline.es\/es\/libros\/como-piensan-los-ricos_0010307925&#8243; url_new_window=\u00bbon\u00bb button_text=\u00bbA\u00d1ADIR AL CARRITO\u00bb button_alignment=\u00bbleft\u00bb _builder_version=\u00bb4.16&#8243; _module_preset=\u00bbdefault\u00bb custom_button=\u00bbon\u00bb button_text_size=\u00bb17px\u00bb button_text_color=\u00bb#FFFFFF\u00bb button_bg_color=\u00bb#7CDA24&#8243; button_border_width=\u00bb0px\u00bb button_letter_spacing=\u00bb1px\u00bb button_font=\u00bb|700||on|||||\u00bb button_use_icon=\u00bboff\u00bb background_layout=\u00bbdark\u00bb custom_margin=\u00bb|||57px||\u00bb box_shadow_style=\u00bbpreset6&#8243; global_colors_info=\u00bb{}\u00bb][\/et_pb_button][et_pb_social_media_follow _builder_version=\u00bb4.16&#8243; _module_preset=\u00bbdefault\u00bb custom_margin=\u00bb19px|||||\u00bb custom_padding=\u00bb|||56px||\u00bb global_colors_info=\u00bb{}\u00bb][et_pb_social_media_follow_network social_network=\u00bbfacebook\u00bb url=\u00bbhttps:\/\/www.facebook.com\/booksonline.es\/\u00bb _builder_version=\u00bb4.16&#8243; _module_preset=\u00bbdefault\u00bb background_color=\u00bb#3b5998&#8243; global_colors_info=\u00bb{}\u00bb follow_button=\u00bboff\u00bb url_new_window=\u00bbon\u00bb]facebook[\/et_pb_social_media_follow_network][et_pb_social_media_follow_network social_network=\u00bbinstagram\u00bb url=\u00bbhttps:\/\/www.instagram.com\/booksonline.es\/\u00bb _builder_version=\u00bb4.16&#8243; _module_preset=\u00bbdefault\u00bb background_color=\u00bb#ea2c59&#8243; global_colors_info=\u00bb{}\u00bb follow_button=\u00bboff\u00bb url_new_window=\u00bbon\u00bb]instagram[\/et_pb_social_media_follow_network][\/et_pb_social_media_follow][\/et_pb_column][et_pb_column type=\u00bb1_2&#8243; _builder_version=\u00bb4.16&#8243; _module_preset=\u00bbdefault\u00bb global_colors_info=\u00bb{}\u00bb][et_pb_text _builder_version=\u00bb4.16&#8243; _module_preset=\u00bbdefault\u00bb width=\u00bb91.7%\u00bb custom_margin=\u00bb23px|||||\u00bb custom_padding=\u00bb|||38px||\u00bb global_colors_info=\u00bb{}\u00bb]<\/p>\n<div id=\"detpestanias\">\n<div id=\"tabsinopsis\">\n<p>Medio siglo atr\u00e1s Espa\u00f1a no era el pa\u00eds que conocemos. Se viv\u00edan los \u00faltimos meses del f\u00e9rreo franquismo, tiempo en el que ni se hablaba de pol\u00edtica ni mucho menos se hac\u00eda.<\/p>\n<p>Pese a ello, casi de repente, en un d\u00eda de Mayo nada menos que quince pueblos de la comarca aragonesa del Bajo Cinca, se pusieron en marcha para protestar en Huesca contra una central nuclear.<\/p>\n<p>Sorprendi\u00f3 a la capital la llegada de tantos hombres y mujeres protagonizando la primera manifestaci\u00f3n popular vivida en Arag\u00f3n.<\/p>\n<p>Aquella gesta merec\u00eda un libro y lo tiene cuando se cumple el cincuentenario de su celebraci\u00f3n.<\/p>\n<p>Su autora, Mar\u00eda Jos\u00e9 Arellano S\u00e1nchez, relata en primera persona como se produjo el milagro de ponerse en pie la gente de Fraga y de sus pueblos comarcanos: Ballobar, Zaid\u00edn, Velilla de Cinca, Albalate, Alcolea, Onti\u00f1ena, Belver, Osso, Pe\u00f1alba, Candasnos, Torrente, Binaced, Espl\u00fas y el mismo Chalamera.<\/p>\n<p>El hecho sacudi\u00f3 el sentir de la ciudadan\u00eda aragonesa, que elogi\u00f3 tan singular comportamiento y que a d\u00eda de hoy es un apagado eco de algo sucedido muy lejanamente atr\u00e1s.<\/p>\n<p>La historia se escribe para que perdure y sea recordada. Es lo que pretende la autora invitando a las j\u00f3venes generaciones a conocer como fue la lucha de sus antecesores en un momento nada f\u00e1cil pero que solventaron con gran entusiasmo y dignidad.<\/p>\n<\/div>\n<\/div>\n<p>[\/et_pb_text][\/et_pb_column][\/et_pb_row][et_pb_row _builder_version=\u00bb4.27.4&#8243; _module_preset=\u00bbdefault\u00bb][et_pb_column _builder_version=\u00bb4.27.4&#8243; _module_preset=\u00bbdefault\u00bb type=\u00bb4_4&#8243;][et_pb_image src=\u00bbhttps:\/\/v31.es\/booksonline\/wp-content\/uploads\/2025\/05\/El-Bajo-cinca-se-Manifesto-PORTADA8-scaled.jpg\u00bb _builder_version=\u00bb4.27.4&#8243; _module_preset=\u00bbdefault\u00bb alt=\u00bb&#8230;y el Bajo Cinca \u00a1\u00a1SE MANIFEST\u00d3!! &#8211; slaider\u00bb title_text=\u00bbEl Bajo cinca se Manifesto PORTADA8&#8243; hover_enabled=\u00bb0&#8243; sticky_enabled=\u00bb0&#8243;][\/et_pb_image][\/et_pb_column][\/et_pb_row][et_pb_row _builder_version=\u00bb4.27.4&#8243; _module_preset=\u00bbdefault\u00bb][et_pb_column _builder_version=\u00bb4.27.4&#8243; _module_preset=\u00bbdefault\u00bb type=\u00bb4_4&#8243;][et_pb_text _builder_version=\u00bb4.27.4&#8243; _module_preset=\u00bbdefault\u00bb hover_enabled=\u00bb0&#8243; sticky_enabled=\u00bb0&#8243; custom_padding=\u00bb||0px|||\u00bb]<\/p>\n<article class=\"article article--m js-project-about\">\n<h3 id=\"un-libro-que-recoge-la-lucha-desigual-de-un-pueblo-contra-los-planes-de-un-gobierno-que-quiere-implantar-una-central-nuclear-en-su-municipio\"><strong>UN LIBRO QUE RECOGE LA LUCHA DESIGUAL DE UN PUEBLO CONTRA LOS PLANES DE UN GOBIERNO QUE QUIERE IMPLANTAR UNA CENTRAL NUCLEAR EN SU MUNICIPIO.<\/strong><\/h3>\n<p>El 9 de mayo de 2025 se cumple el cincuenta aniversario del proyecto de instalaci\u00f3n de una central nuclear en la localidad de Chalamera, a orillas del r\u00edo Cinca, en la provincia de Huesca. Un pueblecito de poco m\u00e1s de cien habitantes situado en Espa\u00f1a.<\/p>\n<p>Con motivo de esta fecha tan significativa tenemos la posibilidad de editar un magn\u00edfico libro escrito por Mar\u00eda Jos\u00e9 Arellano, que narra los acontecimientos sucedidos en 1975 bajo el r\u00e9gimen de Francisco Franco, a\u00fan en vida.<\/p>\n<p>La lucha desigual de todo un pueblo, contra los planes energ\u00e9ticos de un gobierno para evitar la instalaci\u00f3n de la central nuclear, una lucha a la que se unieron los habitantes de la zona y diferentes intelectuales de la \u00e9poca para evitar la implantaci\u00f3n de esa central en el territorio.<\/p>\n<p>&nbsp;<\/p>\n<figure><img decoding=\"async\" src=\"https:\/\/dg9aaz8jl1ktt.cloudfront.net\/uploaded_files\/000\/441\/772\/verkami_ad83807d27270bab6eb6fec4ff9891e6.jpg?1737549054\" title=\"\" alt=\"Cada uno aportaba lo que tenia\" \/><\/p>\n<p>&nbsp;<\/p>\n<p>&nbsp;<\/p><figcaption>Cada uno aportaba lo que tenia<\/figcaption><\/figure>\n<p>&nbsp;<\/p>\n<h3 id=\"y-el-bajo-cinca-se-manifesto\"><strong>\u2026 y el Bajo Cinca, \u00a1\u00a1\u00a1 SE MANIFESTO !!!<\/strong><\/h3>\n<p>Pongamos un poco de contexto. Miremos el escenario en el que se desarrollaron los hechos. En aquellos a\u00f1os el r\u00e9gimen dictatorial todav\u00eda realizaba ejecuciones sumarias, en el mundo rural de la ribera baja del r\u00edo Cinca se encuentra una joven mujer organizando la respuesta popular de oposici\u00f3n al proyecto de la central nuclear. Esta mujer de la localidad oscense de Fraga, a orillas del Cinca, situada a veinte kil\u00f3metros r\u00edo abajo de Chalamera se llama Mar\u00eda Jos\u00e9 Arellano y es la narradora y autora del libro.<br \/>.<\/p>\n<h3 id=\"qui-n-es-era-mar-a-jos-arellano\"><strong>\u00bfQui\u00e9n es \u2013 era Mar\u00eda Jos\u00e9 Arellano ?<\/strong><\/h3>\n<p>Mar\u00eda Jos\u00e9 es una de las tantas mujeres que la historia oficial ha dejado en el anonimato. Como ecofeministas tenemos la obligaci\u00f3n de rescatar del olvido su figura y su memoria ya que representa los valores por los que luchamos.<\/p>\n<p>En 1992 el Ayuntamiento de Fraga le otorg\u00f3 la medalla al m\u00e9rito municipal. Mar\u00eda Jos\u00e9 ha publicado otros libros como la \u201cCr\u00f3nica de Fraga 1959-1989\u201d y ha estado trabajado en emisoras de radio comarcal hasta su jubilaci\u00f3n.<br \/>.<\/p>\n<h3 id=\"objetivos-de-la-edici-n\">Objetivos de la edici\u00f3n<\/h3>\n<ul>\n<li>Conmemorar el 50 aniversario con presentaciones del libro en todos los pueblos de la ribera (desde Monz\u00f3n a Fraga por las dos m\u00e1rgenes del r\u00edo) construyendo un puente generacional entre los abuelos que se movilizaron y sus nietos que no saben nada de esa historia cincuenta a\u00f1os despu\u00e9s.<\/li>\n<li>Ejemplarizar esa lucha en el contexto actual de multitud de movilizaciones ambientales locales y comarcales diseminadas por todo el territorio.<\/li>\n<li>Realizar en primavera o comienzos del verano una fiesta popular que sirva de encuentro, de hermanamiento en el mismo lugar donde se iba a instalar la central nuclear.<\/li>\n<li>Abrir una ventana de reflexi\u00f3n sobre los pros y contras de las diferentes maneras que contamos en la actualidad para generar y producir energ\u00eda el\u00e9ctrica.<\/li>\n<li>Comparar y establecer analog\u00edas entre este modelo nuclear del pasado con los molinos y placas que en la actualidad se est\u00e1n instalando en las proximidades del Cinca, concretamente en Monegros, el sur del Somontano y todo el terriotorio de Espa\u00f1a.<\/li>\n<li>Aprovechar esta inercia para contactar con nuevas personas, intentando llegar y sensibilizar a la gente joven de los pueblos.<\/li>\n<li>Las hermandades de agricultores fueron un gran aliado para paralizar el proyecto. Al ser el bajo Cinca una comarca muy agr\u00edcola actualmente, servir\u00e1 para mostrar a los agricultores el peligro de los proyectos extractivistas.<\/li>\n<li>Empoderar el esp\u00edritu de las mujeres de la comarca.<\/li>\n<\/ul>\n<p>&nbsp;<\/p>\n<figure><img decoding=\"async\" src=\"https:\/\/dg9aaz8jl1ktt.cloudfront.net\/uploaded_files\/000\/441\/773\/verkami_2d13a895b2d492c34a38b5f0c4479b97.jpg?1737549249\" title=\"\" alt=\"Los poblaci\u00f3n se volcaba en cada acto que se organizaba\" \/><\/p>\n<p>&nbsp;<\/p>\n<p>&nbsp;<\/p><figcaption>Los poblaci\u00f3n se volcaba en cada acto que se organizaba<\/figcaption><\/figure>\n<p>&nbsp;<\/p>\n<h3 id=\"por-un-arag-n-libre-y-sin-centrales-nucleares\">Por un Arag\u00f3n libre y sin centrales nucleares.<\/h3>\n<p><em>\u00abPor un Arag\u00f3n libre y sin centrales nucleares\u00bb<\/em><span>\u00a0<\/span>era uno de los lemas de la lucha. En 1992 en la revista<span>\u00a0<\/span><em>\u00abO Salm\u00f3n\u00bb<\/em><span>\u00a0<\/span>hicieron una entrevista a Mar\u00eda Jos\u00e9 que reproducimos a continuaci\u00f3n por estar plenamente vigente a\u00fan con el paso de los a\u00f1os.<\/p>\n<h3 id=\"entrevista-publicada-en-1992\"><strong>Entrevista publicada en 1992<\/strong><\/h3>\n<p><strong><em>Han pasado diecisiete a\u00f1os. Quiz\u00e1s la mayor\u00eda de los aragoneses hayan olvidado lo que ocurri\u00f3 y la gente joven ni sepa qu\u00e9 pas\u00f3.<\/em><\/strong><\/p>\n<p><strong><em>Un d\u00eda en un peri\u00f3dico apareci\u00f3 una peque\u00f1a noticia: \u201c\u2026una central nuclear en Chalamera.\u201d, que no pas\u00f3 desapercibida a una mujer: Mar\u00eda Jos\u00e9 Arellano, art\u00edfice y propulsora de lo que fue la lucha antinuclear en Arag\u00f3n est\u00e1 con nosotros en O SALMON.<\/em><\/strong><\/p>\n<p><em>\u00bfCu\u00e1ndo fu\u00edste a vivir a Fraga?<\/em><\/p>\n<p>Mi padre era Secretarlo de Ayuntamiento y tuv\u00edmos que vivir en varias localidades, la \u00falt\u00edma Fraga, donde m\u00ed padre se jubil\u00f3 y muri\u00f3.<\/p>\n<p><em>\u00bfPor qu\u00e9 crees que el proyecto de central nuclear se realiz\u00f3 en Chalamera?<\/em><\/p>\n<p>Eso de porqu\u00e9 se realiz\u00f3 en Chalamera se lo tendr\u00e1s que preguntar a las empresas el\u00e9ctiricas que avalaron el proyecto, pero es de pensar que al ser un pueblo peque\u00f1o pensaban que no iba a haber oposici\u00f3n popular y que cuando la gente se diera cuenta ya estar\u00eda hecha la central. Otro motivo es que la central necesita un r\u00edo caudaloso, como a su paso Chalamera es el Cinca. Las empresas hablaron con el Ayuntamiento y les dijeron que ser\u00eda beneficioso para el pueblo pues crear\u00eda puestos de trabajo.<\/p>\n<p><em>\u00bfCu\u00e1ndo te enteraste del proyecto?<\/em><\/p>\n<p>Por una peque\u00f1a noticia que se public\u00f3 en el diario del Alto Arag\u00f3n, estaba a exposici\u00f3n p\u00fablica el proyecto de instalar una central nuclear en Chalamera. Escasamente eran cuatro l\u00edneas.<\/p>\n<p><em>\u00bfC\u00f3mo reaccionaste?<\/em><\/p>\n<p>Yo hab\u00eda le\u00eddo que en otros sitios hab\u00eda oposici\u00f3n a estos proyectos y como trabajaba en la radio me vi en la obligaci\u00f3n de ampliar m\u00e1s informaci\u00f3n sobre este tema para mantener al d\u00eda al pueblo de Fraga.<\/p>\n<p>&nbsp;<\/p>\n<figure><img decoding=\"async\" src=\"https:\/\/dg9aaz8jl1ktt.cloudfront.net\/uploaded_files\/000\/441\/774\/verkami_6dab43382e9e66978e8eed7b4a3488de.jpg?1737549505\" title=\"\" alt=\"Todos a una\" \/><\/p>\n<p>&nbsp;<\/p>\n<p>&nbsp;<\/p><figcaption>Todos a una<\/figcaption><\/figure>\n<p>&nbsp;<\/p>\n<p><em>\u00bfY el pueblo?<\/em><\/p>\n<p>La gente se fue mentalizando y empezaron a hacer reuniones las hermandades de labradores y agricultores, hasta que la cosa se fue poniendo m\u00e1s caliente ya que el plazo de exposici\u00f3n del proyecto iba a acabar en muy pocos d\u00edas.<\/p>\n<p>Con las prisas la gente se fue poniendo m\u00e1s al d\u00eda en el tema nuclear y empez\u00f3 a surgir la idea de hacer una manifestaci\u00f3n. Al mes Justo de dar la noticia por la radio, los 14 pueblos de la comarca se movilizaron con todos los alcaldes al frente. Fue el 9 de mayo de 1975.<\/p>\n<p><em>\u00bfC\u00f3mo se desarroll\u00f3 la lucha y con qu\u00e9 medios se cont\u00f3?<\/em><\/p>\n<p>Con el apoyo de cada uno, los habitantes se lo creyeron y todos colaboraron. Cuanto tom\u00f3 forma la organizaci\u00f3n de la manifestaci\u00f3n, un hombre que me apoy\u00f3 fue el antiguo alcalde de Ballobar\u00bb: Pascual Berni. Ballobar est\u00e1 debajo de Chalamera y no le interesaba por el peligro que el proyecto representaba. Fu\u00ed a un pleno del Ayuntamiento y le dije: tu avisa a los pueblos de la ribera de tu lado y yo a, los del m\u00edo.<\/p>\n<p>Le propuse esa acci\u00f3n con toda la inocencia del mundo. En aquel entonces los alcaldes depend\u00edan del Gobierno Civil y enseguida se enteraron todos los alcaldes. Como iba todo tan r\u00e1pido no les qued\u00f3 m\u00e1s remedio que el d\u00eda de la manifestaci\u00f3n estar con el pueblo. La Guardia Civil vigilaba las carreteras, los de Huesca se quedaron sorprendidos porque en tiempos de Franco no hab\u00eda manifestaciones y tuvo un eco tremendo. No solamente en Espa\u00f1a sino en el extranjero. Sin saberlo estamos en un pulso al R\u00e9gimen que causaba gran expectaci\u00f3n.<\/p>\n<p>&nbsp;<\/p>\n<figure><img decoding=\"async\" src=\"https:\/\/dg9aaz8jl1ktt.cloudfront.net\/uploaded_files\/000\/441\/770\/verkami_33c61e7510a9d2353c6d6eeb79c9a2d8.jpg?1737548483\" title=\"\" alt=\"Los manifestantes llegan a la ciudad\" \/><\/p>\n<p>&nbsp;<\/p>\n<p>&nbsp;<\/p><figcaption>Los manifestantes llegan a la ciudad<\/figcaption><\/figure>\n<p>&nbsp;<\/p>\n<p>Hubo dos manifestaciones, la siguiente fue un d\u00eda antes de ir a Huesca, de subir a la capital. Con los coches dimos, una vuelta por toda la comarca. Salimos de Fraga, pasamos por Ballobar, subimos a Onti\u00f1ena de all\u00ed a Chalamera, Alcolea, Albabate y bajamos por Osso, Belver y Zaid\u00edn hasta llegar otra vez a Fraga.<\/p>\n<p>Al rato cuando ya estaba en casa empec\u00e9 a oir jaleo por la calle, eran las gentes de Zaid\u00edn que hab\u00edan bajado a Fraga, tambi\u00e9n de manifestaci\u00f3n.<\/p>\n<p><em>\u00bfComo fue despu\u00e9s de la manifestaci\u00f3n?<\/em><\/p>\n<p>Despu\u00e9s de la manifestaci\u00f3n se ore\u00f3 el Comit\u00e9 Ejecutivo del Bajo Cinca para encauzar lo que era la oposici\u00f3n popular. Estaban los alcaldes de los 14 pueblos de la comarca, Francisco Beltr\u00e1n, yo y dos o tres personas m\u00e1s. Se hizo un dossier, se tomaron fotos \u00e1reas, se recogieron firmas.<\/p>\n<p>Te estoy hablando de mayo, en noviembre muri\u00f3 Franco y ya cambi\u00f3 la cosa, lo de la central s\u00f3lo qued\u00f3 en un rumor. Como el Comit\u00e9 Ejecutivo<span>\u00a0<\/span><em>(junio 75 a febrero 76)<\/em><span>\u00a0<\/span>no era muy operativo porque los Alcaldes depend\u00edan del Gobernador, hubo un grupo de personas muy concienciadas en Zaid\u00edn que dijeron que hab\u00eda que poner los temas sobre la mesa y junto con Fernando Beltr\u00e1n y yo oreamos COA CINCA<span>\u00a0<\/span><em>(Comunidad de Afectados por la Central Nuclear del Cinca)<\/em><span>\u00a0<\/span>y lo presentamos en un acto multitudinario en el cine de Fraga.<\/p>\n<p>Empezamos a, dar charlas por los pueblos<span>\u00a0<\/span><em>(febrero 76)<\/em><span>\u00a0<\/span>y a asistir a Congresos Antinucleares. A la sombra nuestra nacieron DEIBA<span>\u00a0<\/span><em>(Defensa de los Intereses del Bajo Arag\u00f3n)<\/em><span>\u00a0<\/span>y DEIBATE<span>\u00a0<\/span><em>(lo mismo en Teruel)<\/em>. Ten\u00edamos reuniones conjuntas e \u00edbamos a todos los actos que hab\u00eda,<span>\u00a0<\/span><em>(como a Escatr\u00f3n por el tema de la t\u00e9rmica)<\/em><span>\u00a0<\/span>Cuando empez\u00f3 la democracia todos empezamos a participar en los partidos pol\u00edticos y empez\u00f3 otra lucha y otra historia. El proyecto ya se olvid\u00f3.<\/p>\n<p><em>Diecisiete a\u00f1os despu\u00e9s, \u00bfse recuerda esa lucha?<\/em><\/p>\n<p>Esta ha sido una de las pocas batallas que ha ganado el pueblo aragon\u00e9s. Fue una lucha de todos contra un problema y eso hizo que los pueblos y sus gentes se unieran. Despu\u00e9s de esa oposici\u00f3n no creo que ninguna empresa salga, con el mismo proyecto.<\/p>\n<p><em>Despu\u00e9s de haber hecho un breve repaso a esta lucha del Bajo Cinca, cu\u00e9ntanos lo que creas oportuno, algo que nos hayamos dejado de comentar. Para nosotros los j\u00f3venes es un orgullo poder recordar estas cosas y que nos las cuente una luchadora como t\u00fa.<\/em><\/p>\n<p>Mandar\u00eda un mensaje al pueblo aragon\u00e9s para que siga creyendo en su tierra. Lo del pasado sirve como ejemplo. Ahora hay gente que dice \u00a1las cosas son muy dif\u00edciles! y yo digo, no hay ning\u00fan momento f\u00e1cil.<\/p>\n<p>En aquellos momentos lo que hicimos fue arriesgad\u00edsimo, pero hab\u00eda que luchar. Ahora hay que luchar por la plena autonom\u00eda, se luch\u00f3 en el 79, en el 82 y hay que seguir porque sino, no creo que las cosas se resuelvan favorablemente para Arag\u00f3n.<\/p>\n<p><em>\u00bfC\u00f3mo recuerdas este 23 de abril cuando el Ayuntamiento de Fraga te concedi\u00f3 la medalla al m\u00e9rito municipal por tu labor informativa en contra de la Central Nuclear de Chalamera?<\/em><\/p>\n<p>Con mucha satisfacci\u00f3n. Me hubiera gustado estar a la vez en Fraga y Zaragoza, en la manifestaci\u00f3n por la autonom\u00eda plena.<\/p>\n<p><em>Los h\u00edjos de aquellos que en su d\u00eda fueron a manifestarse a Huesca, \u00bfcrees t\u00fa que har\u00edan lo mismo si el proyecto saliese ahora?<\/em><\/p>\n<p>Pienso que si, ellos y sus padres tambi\u00e9n.<\/p>\n<p>&nbsp;<\/p>\n<figure><img decoding=\"async\" src=\"https:\/\/dg9aaz8jl1ktt.cloudfront.net\/uploaded_files\/000\/441\/777\/verkami_2fa1911a328229ef3bc91d5d1de654a2.jpg?1737551400\" title=\"\" alt=\"Manifestantes en la ermita de Chalamera\" \/><\/p>\n<p>&nbsp;<\/p>\n<p>&nbsp;<\/p><figcaption>Manifestantes en la ermita de Chalamera<\/figcaption><\/figure>\n<p>&nbsp;<\/p>\n<\/article>\n<div class=\"project-details__faq\">\n<h3 class=\"heading heading--s\"><\/h3>\n<\/div>\n<p>[\/et_pb_text][\/et_pb_column][\/et_pb_row][\/et_pb_section]<\/p>\n","protected":false},"excerpt":{"rendered":"<p>AUTOR: M\u00aa Jos\u00e9 Arellano ISBN: 978-84-128667-1-1 P\u00c1GINAS: 310 IDIOMA: Castellano Medio siglo atr\u00e1s Espa\u00f1a no era el pa\u00eds que conocemos. Se viv\u00edan los \u00faltimos meses del f\u00e9rreo franquismo, tiempo en el que ni se hablaba de pol\u00edtica ni mucho menos se hac\u00eda. Pese a ello, casi de repente, en un d\u00eda de Mayo nada menos [&hellip;]<\/p>\n","protected":false},"author":4,"featured_media":9688,"comment_status":"open","ping_status":"open","sticky":false,"template":"","format":"standard","meta":{"_et_pb_use_builder":"on","_et_pb_old_content":"","_et_gb_content_width":"","footnotes":""},"categories":[285],"tags":[],"class_list":["post-9687","post","type-post","status-publish","format-standard","has-post-thumbnail","hentry","category-blog","et-has-post-format-content","et_post_format-et-post-format-standard"],"_links":{"self":[{"href":"https:\/\/v31.es\/booksonline\/wp-json\/wp\/v2\/posts\/9687","targetHints":{"allow":["GET"]}}],"collection":[{"href":"https:\/\/v31.es\/booksonline\/wp-json\/wp\/v2\/posts"}],"about":[{"href":"https:\/\/v31.es\/booksonline\/wp-json\/wp\/v2\/types\/post"}],"author":[{"embeddable":true,"href":"https:\/\/v31.es\/booksonline\/wp-json\/wp\/v2\/users\/4"}],"replies":[{"embeddable":true,"href":"https:\/\/v31.es\/booksonline\/wp-json\/wp\/v2\/comments?post=9687"}],"version-history":[{"count":3,"href":"https:\/\/v31.es\/booksonline\/wp-json\/wp\/v2\/posts\/9687\/revisions"}],"predecessor-version":[{"id":10766,"href":"https:\/\/v31.es\/booksonline\/wp-json\/wp\/v2\/posts\/9687\/revisions\/10766"}],"wp:featuredmedia":[{"embeddable":true,"href":"https:\/\/v31.es\/booksonline\/wp-json\/wp\/v2\/media\/9688"}],"wp:attachment":[{"href":"https:\/\/v31.es\/booksonline\/wp-json\/wp\/v2\/media?parent=9687"}],"wp:term":[{"taxonomy":"category","embeddable":true,"href":"https:\/\/v31.es\/booksonline\/wp-json\/wp\/v2\/categories?post=9687"},{"taxonomy":"post_tag","embeddable":true,"href":"https:\/\/v31.es\/booksonline\/wp-json\/wp\/v2\/tags?post=9687"}],"curies":[{"name":"wp","href":"https:\/\/api.w.org\/{rel}","templated":true}]}}