{"id":9702,"date":"2021-08-29T08:53:00","date_gmt":"2021-08-29T06:53:00","guid":{"rendered":"https:\/\/v31.es\/booksonline\/?p=9702"},"modified":"2021-10-27T09:49:32","modified_gmt":"2021-10-27T07:49:32","slug":"los-besos","status":"publish","type":"post","link":"https:\/\/v31.es\/booksonline\/2021\/08\/29\/los-besos\/","title":{"rendered":"Los Besos"},"content":{"rendered":"<p>[et_pb_section fb_built=\u00bb1&#8243; _builder_version=\u00bb4.9.3&#8243; _module_preset=\u00bbdefault\u00bb custom_padding=\u00bb34px|||||\u00bb global_colors_info=\u00bb{}\u00bb][et_pb_row column_structure=\u00bb1_2,1_2&#8243; _builder_version=\u00bb4.9.3&#8243; _module_preset=\u00bbdefault\u00bb width=\u00bb100%\u00bb max_width=\u00bb959px\u00bb height=\u00bb1000px\u00bb max_height=\u00bb1000px\u00bb global_colors_info=\u00bb{}\u00bb][et_pb_column type=\u00bb1_2&#8243; _builder_version=\u00bb4.9.3&#8243; _module_preset=\u00bbdefault\u00bb global_colors_info=\u00bb{}\u00bb][et_pb_image src=\u00bbhttps:\/\/v31.es\/booksonline\/wp-content\/uploads\/2021\/10\/Los-Besos.jpg\u00bb alt=\u00bbEs la macrobi\u00f3tica idiota\u00bb title_text=\u00bbLos Besos\u00bb _builder_version=\u00bb4.11.4&#8243; _module_preset=\u00bbdefault\u00bb custom_padding=\u00bb|0px|36px|||\u00bb hover_enabled=\u00bb0&#8243; global_colors_info=\u00bb{}\u00bb sticky_enabled=\u00bb0&#8243;][\/et_pb_image][et_pb_text _builder_version=\u00bb4.9.3&#8243; _module_preset=\u00bbdefault\u00bb text_line_height=\u00bb1em\u00bb min_height=\u00bb235.3px\u00bb custom_margin=\u00bb|-1px|-184px|58px||\u00bb custom_padding=\u00bb|60px|0px|||\u00bb global_colors_info=\u00bb{}\u00bb]<\/p>\n<table class=\"woocommerce-product-attributes shop_attributes\">\n<tbody>\n<tr class=\"woocommerce-product-attributes-item woocommerce-product-attributes-item--attribute_autor\">\n<th class=\"woocommerce-product-attributes-item__label\">AUTOR:<\/th>\n<td class=\"woocommerce-product-attributes-item__value\">\n<p>Manuel Vilas<\/p>\n<\/td>\n<\/tr>\n<tr class=\"woocommerce-product-attributes-item woocommerce-product-attributes-item--attribute_isbn\">\n<th class=\"woocommerce-product-attributes-item__label\">ISBN:<\/th>\n<td class=\"woocommerce-product-attributes-item__value\">\n<p>978-84-08-24611-4<\/p>\n<\/td>\n<\/tr>\n<tr class=\"woocommerce-product-attributes-item woocommerce-product-attributes-item--attribute_p%c3%a1ginas\">\n<th class=\"woocommerce-product-attributes-item__label\">P\u00c1GINAS:<\/th>\n<td class=\"woocommerce-product-attributes-item__value\">\n<p>448<\/p>\n<\/td>\n<\/tr>\n<tr class=\"woocommerce-product-attributes-item woocommerce-product-attributes-item--attribute_idioma\">\n<th class=\"woocommerce-product-attributes-item__label\">IDIOMA:<\/th>\n<td class=\"woocommerce-product-attributes-item__value\">\n<p>Castellano<\/p>\n<\/td>\n<\/tr>\n<\/tbody>\n<\/table>\n<table class=\"woocommerce-product-attributes shop_attributes\" width=\"317\" height=\"214\"><\/table>\n<p><a href=\"https:\/\/www.booksonline.es\/es\/coleccion\/novela\" title=\"Art\u00edculos de la colecci\u00f3n\"><\/a><\/p>\n<p>[\/et_pb_text][et_pb_button button_url=\u00bbhttps:\/\/www.booksonline.es\/es\/libros\/los-besos_TOR0009048&#8243; url_new_window=\u00bbon\u00bb button_text=\u00bbA\u00d1ADIR AL CARRITO\u00bb button_alignment=\u00bbleft\u00bb _builder_version=\u00bb4.11.4&#8243; _module_preset=\u00bbdefault\u00bb custom_button=\u00bbon\u00bb button_text_size=\u00bb17px\u00bb button_text_color=\u00bb#FFFFFF\u00bb button_bg_color=\u00bb#7CDA24&#8243; button_border_width=\u00bb0px\u00bb button_letter_spacing=\u00bb1px\u00bb button_font=\u00bb|700||on|||||\u00bb button_use_icon=\u00bboff\u00bb background_layout=\u00bbdark\u00bb custom_margin=\u00bb|||57px||\u00bb hover_enabled=\u00bb0&#8243; box_shadow_style=\u00bbpreset6&#8243; global_colors_info=\u00bb{}\u00bb sticky_enabled=\u00bb0&#8243;][\/et_pb_button][et_pb_social_media_follow _builder_version=\u00bb4.9.3&#8243; _module_preset=\u00bbdefault\u00bb custom_margin=\u00bb19px|||||\u00bb custom_padding=\u00bb|||56px||\u00bb global_colors_info=\u00bb{}\u00bb][et_pb_social_media_follow_network social_network=\u00bbfacebook\u00bb url=\u00bbhttps:\/\/www.facebook.com\/booksonline.es\/\u00bb _builder_version=\u00bb4.9.3&#8243; _module_preset=\u00bbdefault\u00bb background_color=\u00bb#3b5998&#8243; global_colors_info=\u00bb{}\u00bb follow_button=\u00bboff\u00bb url_new_window=\u00bbon\u00bb]facebook[\/et_pb_social_media_follow_network][et_pb_social_media_follow_network social_network=\u00bbinstagram\u00bb url=\u00bbhttps:\/\/www.instagram.com\/booksonline.es\/\u00bb _builder_version=\u00bb4.9.3&#8243; _module_preset=\u00bbdefault\u00bb background_color=\u00bb#ea2c59&#8243; global_colors_info=\u00bb{}\u00bb follow_button=\u00bboff\u00bb url_new_window=\u00bbon\u00bb]instagram[\/et_pb_social_media_follow_network][\/et_pb_social_media_follow][\/et_pb_column][et_pb_column type=\u00bb1_2&#8243; _builder_version=\u00bb4.9.3&#8243; _module_preset=\u00bbdefault\u00bb global_colors_info=\u00bb{}\u00bb][et_pb_text _builder_version=\u00bb4.9.4&#8243; _module_preset=\u00bbdefault\u00bb text_font=\u00bb||||||||\u00bb text_text_color=\u00bb#68d800&#8243; text_font_size=\u00bb28px\u00bb text_line_height=\u00bb1.1em\u00bb header_4_font=\u00bbAbel||||||||\u00bb header_4_font_size=\u00bb54px\u00bb width=\u00bb100%\u00bb max_width=\u00bb100%\u00bb min_height=\u00bb44.6px\u00bb custom_margin=\u00bb-2px|||||\u00bb custom_padding=\u00bb10px||0px|37px||\u00bb global_colors_info=\u00bb{}\u00bb]<\/p>\n<p><span style=\"font-size: xx-large; color: #7cda24;\"><strong>LOS BESOS<\/strong><\/span><\/p>\n<p><span style=\"font-size: xx-large; color: #7cda24;\"><strong><\/strong><\/span><\/p>\n<p>[\/et_pb_text][et_pb_text _builder_version=\u00bb4.9.7&#8243; _module_preset=\u00bbdefault\u00bb text_line_height=\u00bb1.3em\u00bb header_font_size=\u00bb10px\u00bb height=\u00bb712px\u00bb max_height=\u00bb1000px\u00bb custom_margin=\u00bb-37px||-675px|||\u00bb custom_padding=\u00bb22px||0px|38px||\u00bb global_colors_info=\u00bb{}\u00bb]<\/p>\n<h1><span style=\"font-size: medium;\">NOVELA DE AMOR ROMANTICO E IDEALIZADO<\/span><span style=\"font-size: medium;\"><\/span><\/h1>\n<p><span style=\"font-size: medium;\"><\/span><\/p>\n<p>[\/et_pb_text][et_pb_text _builder_version=\u00bb4.9.3&#8243; _module_preset=\u00bbdefault\u00bb width=\u00bb91.7%\u00bb custom_margin=\u00bb23px|||||\u00bb custom_padding=\u00bb|||38px||\u00bb global_colors_info=\u00bb{}\u00bb]<\/p>\n<div id=\"detpestanias\">\n<div id=\"tabsinopsis\">\n<p itemprop=\"description\" class=\"bodytext\" style=\"text-align: justify;\"><span style=\"color: #050505; font-family: 'Segoe UI Historic', 'Segoe UI', Helvetica, Arial, sans-serif; font-size: 15px; font-style: normal; font-variant-ligatures: normal; font-variant-caps: normal; font-weight: 400; text-align: start;\">A principio de verano, la editorial preparo un encuentro virtual entre Manuel y los libreros. Presentaban su \u00faltimo libro \u201cLos besos\u201d que llegar\u00e1 a las librer\u00edas el 1 de septiembre. En \u201cBooksonline\u201d tenemos la impresi\u00f3n que se prepara un oto\u00f1o lleno de novedades literarias que har\u00e1n las delicias de los aficionados a la lectura. Variedad no les va a faltar.<\/span><br style=\"color: #050505; font-family: 'Segoe UI Historic', 'Segoe UI', Helvetica, Arial, sans-serif; font-size: 15px; text-align: start;\" \/><br style=\"color: #050505; font-family: 'Segoe UI Historic', 'Segoe UI', Helvetica, Arial, sans-serif; font-size: 15px; text-align: start;\" \/><span style=\"color: #050505; font-family: 'Segoe UI Historic', 'Segoe UI', Helvetica, Arial, sans-serif; font-size: 15px; font-style: normal; font-variant-ligatures: normal; font-variant-caps: normal; font-weight: 400; text-align: start;\">Vilas, naci\u00f3 hace 59 a\u00f1os en Barbastro, un pueblecito en el pre-pirineo oscense a doce kil\u00f3metros del nuestro.<\/span><br style=\"color: #050505; font-family: 'Segoe UI Historic', 'Segoe UI', Helvetica, Arial, sans-serif; font-size: 15px; text-align: start;\" \/><br style=\"color: #050505; font-family: 'Segoe UI Historic', 'Segoe UI', Helvetica, Arial, sans-serif; font-size: 15px; text-align: start;\" \/><span style=\"color: #050505; font-family: 'Segoe UI Historic', 'Segoe UI', Helvetica, Arial, sans-serif; font-size: 15px; font-style: normal; font-variant-ligatures: normal; font-variant-caps: normal; font-weight: 400; text-align: start;\">\u201cLos besos\u201d es una novela de amor rom\u00e1ntico e idealizado, de piel y amor carnal, de c\u00f3mo en mitad de una crisis universal dos seres humanos intentan regresar a la patria biol\u00f3gica y at\u00e1vica del erotismo, ese lugar misterioso donde hombres y mujeres encuentran el sentido m\u00e1s profundo de la vida. Erotismo y ternura: el equilibrio perfecto.<\/span><br style=\"color: #050505; font-family: 'Segoe UI Historic', 'Segoe UI', Helvetica, Arial, sans-serif; font-size: 15px; text-align: start;\" \/><br style=\"color: #050505; font-family: 'Segoe UI Historic', 'Segoe UI', Helvetica, Arial, sans-serif; font-size: 15px; text-align: start;\" \/><span style=\"color: #050505; font-family: 'Segoe UI Historic', 'Segoe UI', Helvetica, Arial, sans-serif; font-size: 15px; font-style: normal; font-variant-ligatures: normal; font-variant-caps: normal; font-weight: 400; text-align: start;\">Marzo, 2020. Un profesor abandona Madrid por prescripci\u00f3n m\u00e9dica, va hasta una caba\u00f1a en la sierra donde conoce a una mujer apasionada quince a\u00f1os menor. Entre los dos crece una confianza plena e inesperada, llena de revelaciones.<\/span><br style=\"color: #050505; font-family: 'Segoe UI Historic', 'Segoe UI', Helvetica, Arial, sans-serif; font-size: 15px; text-align: start;\" \/><span style=\"color: #050505; font-family: 'Segoe UI Historic', 'Segoe UI', Helvetica, Arial, sans-serif; font-size: 15px; font-style: normal; font-variant-ligatures: normal; font-variant-caps: normal; font-weight: 400; text-align: start;\">Sus encuentros son un gran ba\u00f1o de luz. Ambos se enamoran y construyen una relaci\u00f3n madura, con las prevenciones propias de sus cuerpos y recuerdos: el pasado reaparece constantemente.<\/span><\/p>\n<\/div>\n<\/div>\n<p>[\/et_pb_text][\/et_pb_column][\/et_pb_row][\/et_pb_section]<\/p>\n","protected":false},"excerpt":{"rendered":"<p>AUTOR: Manuel Vilas ISBN: 978-84-08-24611-4 P\u00c1GINAS: 448 IDIOMA: Castellano LOS BESOS NOVELA DE AMOR ROMANTICO E IDEALIZADO A principio de verano, la editorial preparo un encuentro virtual entre Manuel y los libreros. Presentaban su \u00faltimo libro \u201cLos besos\u201d que llegar\u00e1 a las librer\u00edas el 1 de septiembre. En \u201cBooksonline\u201d tenemos la impresi\u00f3n que se prepara [&hellip;]<\/p>\n","protected":false},"author":4,"featured_media":9703,"comment_status":"open","ping_status":"open","sticky":false,"template":"","format":"standard","meta":{"_et_pb_use_builder":"on","_et_pb_old_content":"","_et_gb_content_width":"","footnotes":""},"categories":[285],"tags":[],"class_list":["post-9702","post","type-post","status-publish","format-standard","has-post-thumbnail","hentry","category-blog","et-has-post-format-content","et_post_format-et-post-format-standard"],"_links":{"self":[{"href":"https:\/\/v31.es\/booksonline\/wp-json\/wp\/v2\/posts\/9702","targetHints":{"allow":["GET"]}}],"collection":[{"href":"https:\/\/v31.es\/booksonline\/wp-json\/wp\/v2\/posts"}],"about":[{"href":"https:\/\/v31.es\/booksonline\/wp-json\/wp\/v2\/types\/post"}],"author":[{"embeddable":true,"href":"https:\/\/v31.es\/booksonline\/wp-json\/wp\/v2\/users\/4"}],"replies":[{"embeddable":true,"href":"https:\/\/v31.es\/booksonline\/wp-json\/wp\/v2\/comments?post=9702"}],"version-history":[{"count":2,"href":"https:\/\/v31.es\/booksonline\/wp-json\/wp\/v2\/posts\/9702\/revisions"}],"predecessor-version":[{"id":9706,"href":"https:\/\/v31.es\/booksonline\/wp-json\/wp\/v2\/posts\/9702\/revisions\/9706"}],"wp:featuredmedia":[{"embeddable":true,"href":"https:\/\/v31.es\/booksonline\/wp-json\/wp\/v2\/media\/9703"}],"wp:attachment":[{"href":"https:\/\/v31.es\/booksonline\/wp-json\/wp\/v2\/media?parent=9702"}],"wp:term":[{"taxonomy":"category","embeddable":true,"href":"https:\/\/v31.es\/booksonline\/wp-json\/wp\/v2\/categories?post=9702"},{"taxonomy":"post_tag","embeddable":true,"href":"https:\/\/v31.es\/booksonline\/wp-json\/wp\/v2\/tags?post=9702"}],"curies":[{"name":"wp","href":"https:\/\/api.w.org\/{rel}","templated":true}]}}