{"id":9835,"date":"2021-12-14T12:48:50","date_gmt":"2021-12-14T11:48:50","guid":{"rendered":"https:\/\/v31.es\/booksonline\/?p=9835"},"modified":"2025-02-11T10:04:05","modified_gmt":"2025-02-11T09:04:05","slug":"la-clamor","status":"publish","type":"post","link":"https:\/\/v31.es\/booksonline\/2021\/12\/14\/la-clamor\/","title":{"rendered":"la clamor"},"content":{"rendered":"<p>[et_pb_section fb_built=\u00bb1&#8243; _builder_version=\u00bb4.16&#8243; global_colors_info=\u00bb{}\u00bb][et_pb_row column_structure=\u00bb2_5,3_5&#8243; _builder_version=\u00bb4.16&#8243; _module_preset=\u00bbdefault\u00bb global_colors_info=\u00bb{}\u00bb][et_pb_column type=\u00bb2_5&#8243; _builder_version=\u00bb4.16&#8243; _module_preset=\u00bbdefault\u00bb global_colors_info=\u00bb{}\u00bb][et_pb_image src=\u00bbhttps:\/\/v31.es\/booksonline\/wp-content\/uploads\/2022\/04\/la-clamor.jpg\u00bb alt=\u00bbLa Clamor\u00bb title_text=\u00bbla clamor\u00bb _builder_version=\u00bb4.27.4&#8243; _module_preset=\u00bbdefault\u00bb hover_enabled=\u00bb0&#8243; global_colors_info=\u00bb{}\u00bb sticky_enabled=\u00bb0&#8243; custom_padding=\u00bb|0px||||\u00bb custom_margin=\u00bb||69px|||\u00bb][\/et_pb_image][\/et_pb_column][et_pb_column type=\u00bb3_5&#8243; _builder_version=\u00bb4.16&#8243; _module_preset=\u00bbdefault\u00bb global_colors_info=\u00bb{}\u00bb][et_pb_text _builder_version=\u00bb4.16&#8243; _module_preset=\u00bbdefault\u00bb text_font_size=\u00bb19px\u00bb width=\u00bb88.3%\u00bb custom_margin=\u00bb|||82px||\u00bb global_colors_info=\u00bb{}\u00bb]<\/p>\n<p>\u00a0La Biblioteca de<span>\u00a0<\/span><b>CEHIMO<\/b><span>\u00a0<\/span>est\u00e1 situada en la que fue casa natal de<span>\u00a0<\/span><span><b>Joaqu\u00ed\u00adn Costa Mart\u00ednez<\/b><\/span><span>\u00a0<\/span>en Monz\u00f3n y que actualmente es la sede del Centro; ocupa la cuarta planta del edificio, tiene una superficie de 80 m2 y cuenta con 10 puestos de lectura. El acceso es libre y dada la especializaci\u00f3n y exclusividad de muchos de sus fondos, s\u00f3lo se permite la consulta en la sala, no permiti\u00e9ndose el pr\u00e9stamo de libros.<\/p>\n<p>El horario de apertura es de<span>\u00a0<\/span><span><b>18 h. a 20,30 horas<\/b><\/span><span>\u00a0<\/span>de lunes a viernes y los s\u00e1bados de 11 a 14 horas.<\/p>\n<p>Los fondos de la Biblioteca ascienden a<span>\u00a0<\/span><span><b>8.000 libros<\/b><\/span><span>\u00a0<\/span>y la tem\u00e1tica de los mismos hace referencia a Monz\u00f3ny su Comarca en particular y a Arag\u00f3n en general.<\/p>\n<p>Todos los vol\u00famenes se encuentran catalogados seg\u00fan la Clasificaci\u00f3n Decimal Universal (CDU) y agrupados bajo los siguientes temas:<\/p>\n<p><span><\/span><\/p>\n<p>[\/et_pb_text][\/et_pb_column][\/et_pb_row][et_pb_row _builder_version=\u00bb4.16&#8243; global_colors_info=\u00bb{}\u00bb][et_pb_column type=\u00bb4_4&#8243; _builder_version=\u00bb4.16&#8243; custom_padding=\u00bb|||\u00bb global_colors_info=\u00bb{}\u00bb custom_padding__hover=\u00bb|||\u00bb][et_pb_shop type=\u00bbproduct_category\u00bb posts_number=\u00bb50&#8243; include_categories=\u00bb265&#8243; orderby=\u00bbmenu_order\u00bb _builder_version=\u00bb4.27.4&#8243; hover_enabled=\u00bb0&#8243; global_colors_info=\u00bb{}\u00bb sticky_enabled=\u00bb0&#8243;][\/et_pb_shop][\/et_pb_column][\/et_pb_row][\/et_pb_section]<\/p>\n","protected":false},"excerpt":{"rendered":"<p>\u00a0La Biblioteca de\u00a0CEHIMO\u00a0est\u00e1 situada en la que fue casa natal de\u00a0Joaqu\u00ed\u00adn Costa Mart\u00ednez\u00a0en Monz\u00f3n y que actualmente es la sede del Centro; ocupa la cuarta planta del edificio, tiene una superficie de 80 m2 y cuenta con 10 puestos de lectura. El acceso es libre y dada la especializaci\u00f3n y exclusividad de muchos de sus [&hellip;]<\/p>\n","protected":false},"author":1,"featured_media":10226,"comment_status":"open","ping_status":"open","sticky":false,"template":"","format":"standard","meta":{"_et_pb_use_builder":"on","_et_pb_old_content":"","_et_gb_content_width":"","footnotes":""},"categories":[240],"tags":[],"class_list":["post-9835","post","type-post","status-publish","format-standard","has-post-thumbnail","hentry","category-editoriales","et-has-post-format-content","et_post_format-et-post-format-standard"],"_links":{"self":[{"href":"https:\/\/v31.es\/booksonline\/wp-json\/wp\/v2\/posts\/9835","targetHints":{"allow":["GET"]}}],"collection":[{"href":"https:\/\/v31.es\/booksonline\/wp-json\/wp\/v2\/posts"}],"about":[{"href":"https:\/\/v31.es\/booksonline\/wp-json\/wp\/v2\/types\/post"}],"author":[{"embeddable":true,"href":"https:\/\/v31.es\/booksonline\/wp-json\/wp\/v2\/users\/1"}],"replies":[{"embeddable":true,"href":"https:\/\/v31.es\/booksonline\/wp-json\/wp\/v2\/comments?post=9835"}],"version-history":[{"count":8,"href":"https:\/\/v31.es\/booksonline\/wp-json\/wp\/v2\/posts\/9835\/revisions"}],"predecessor-version":[{"id":10665,"href":"https:\/\/v31.es\/booksonline\/wp-json\/wp\/v2\/posts\/9835\/revisions\/10665"}],"wp:featuredmedia":[{"embeddable":true,"href":"https:\/\/v31.es\/booksonline\/wp-json\/wp\/v2\/media\/10226"}],"wp:attachment":[{"href":"https:\/\/v31.es\/booksonline\/wp-json\/wp\/v2\/media?parent=9835"}],"wp:term":[{"taxonomy":"category","embeddable":true,"href":"https:\/\/v31.es\/booksonline\/wp-json\/wp\/v2\/categories?post=9835"},{"taxonomy":"post_tag","embeddable":true,"href":"https:\/\/v31.es\/booksonline\/wp-json\/wp\/v2\/tags?post=9835"}],"curies":[{"name":"wp","href":"https:\/\/api.w.org\/{rel}","templated":true}]}}